{"id":3243,"date":"2017-02-06T09:09:04","date_gmt":"2017-02-06T08:09:04","guid":{"rendered":"http:\/\/www.judokwailausanne.ch\/cmsv3\/?p=3243"},"modified":"2018-08-13T23:17:30","modified_gmt":"2018-08-13T21:17:30","slug":"championnats-par-equipe-2eme-tour-1ere-ligue","status":"publish","type":"post","link":"https:\/\/www.judokwailausanne.ch\/?p=3243","title":{"rendered":"Championnats par \u00e9quipe &#8211; 2\u00e8me tour 1\u00e8re ligue"},"content":{"rendered":"<p style=\"text-align: left;\">L&rsquo;\u00e9quipe masculine combattra le <strong>mercredi\u00a022 f\u00e9vrier\u00a02017 <\/strong>\u00e0 Carouge (pes\u00e9e \u00e0 20h15). Elle rencontrera les \u00e9quipes suivantes : \u00a0JC Carouge et JT Riviera.<\/p>\n<p>Soutenons notre \u00e9quipe !<\/p>\n<p>&nbsp;<\/p>\n<p>Prochain tour : le jeudi\u00a023.03 \u00e0 Morat contre Hara Sport Murten et JC Cortaillod-NE H2<\/p>\n","protected":false},"excerpt":{"rendered":"<p>L&rsquo;\u00e9quipe masculine combattra le mercredi\u00a022 f\u00e9vrier\u00a02017 \u00e0 Carouge (pes\u00e9e \u00e0 20h15). Elle rencontrera les \u00e9quipes suivantes : \u00a0JC Carouge et JT Riviera. Soutenons notre \u00e9quipe ! &nbsp; Prochain tour : le jeudi\u00a023.03 \u00e0 Morat contre Hara Sport Murten et JC Cortaillod-NE H2<\/p>\n","protected":false},"author":4,"featured_media":4759,"comment_status":"open","ping_status":"open","sticky":false,"template":"","format":"standard","meta":{"_et_pb_use_builder":"","_et_pb_old_content":"","_et_gb_content_width":"","footnotes":""},"categories":[63,22,48],"tags":[],"class_list":["post-3243","post","type-post","status-publish","format-standard","has-post-thumbnail","hentry","category-competition","category-equipe-competition","category-judo"],"_links":{"self":[{"href":"https:\/\/www.judokwailausanne.ch\/index.php?rest_route=\/wp\/v2\/posts\/3243","targetHints":{"allow":["GET"]}}],"collection":[{"href":"https:\/\/www.judokwailausanne.ch\/index.php?rest_route=\/wp\/v2\/posts"}],"about":[{"href":"https:\/\/www.judokwailausanne.ch\/index.php?rest_route=\/wp\/v2\/types\/post"}],"author":[{"embeddable":true,"href":"https:\/\/www.judokwailausanne.ch\/index.php?rest_route=\/wp\/v2\/users\/4"}],"replies":[{"embeddable":true,"href":"https:\/\/www.judokwailausanne.ch\/index.php?rest_route=%2Fwp%2Fv2%2Fcomments&post=3243"}],"version-history":[{"count":1,"href":"https:\/\/www.judokwailausanne.ch\/index.php?rest_route=\/wp\/v2\/posts\/3243\/revisions"}],"predecessor-version":[{"id":8958,"href":"https:\/\/www.judokwailausanne.ch\/index.php?rest_route=\/wp\/v2\/posts\/3243\/revisions\/8958"}],"wp:featuredmedia":[{"embeddable":true,"href":"https:\/\/www.judokwailausanne.ch\/index.php?rest_route=\/wp\/v2\/media\/4759"}],"wp:attachment":[{"href":"https:\/\/www.judokwailausanne.ch\/index.php?rest_route=%2Fwp%2Fv2%2Fmedia&parent=3243"}],"wp:term":[{"taxonomy":"category","embeddable":true,"href":"https:\/\/www.judokwailausanne.ch\/index.php?rest_route=%2Fwp%2Fv2%2Fcategories&post=3243"},{"taxonomy":"post_tag","embeddable":true,"href":"https:\/\/www.judokwailausanne.ch\/index.php?rest_route=%2Fwp%2Fv2%2Ftags&post=3243"}],"curies":[{"name":"wp","href":"https:\/\/api.w.org\/{rel}","templated":true}]}}