{"id":3265,"date":"2017-03-08T11:12:35","date_gmt":"2017-03-08T10:12:35","guid":{"rendered":"http:\/\/www.judokwailausanne.ch\/cmsv3\/?p=3265"},"modified":"2018-08-13T23:17:30","modified_gmt":"2018-08-13T21:17:30","slug":"championnats-par-equipe-2eme-tour-1ere-ligue-2","status":"publish","type":"post","link":"https:\/\/www.judokwailausanne.ch\/?p=3265","title":{"rendered":"Championnats par \u00e9quipe &#8211; 3\u00e8me tour 1\u00e8re ligue"},"content":{"rendered":"<p style=\"text-align: left;\">L&rsquo;\u00e9quipe masculine combattra le <strong>mercredi\u00a022 mars2017 <\/strong>\u00e0 Morat (pes\u00e9e \u00e0 20h15). Elle rencontrera les \u00e9quipes suivantes :\u00a0\u00a0Hara Sport Murten et JC Cortaillod-NE H2<\/p>\n<p>Soutenons notre \u00e9quipe !<\/p>\n<p>&nbsp;<\/p>\n<p>Prochain tour : le mercredi\u00a026 avril\u00a0\u00e0 Lausanne contre EJD Yverdon et Fighto-wa Gen\u00e8ve<\/p>\n","protected":false},"excerpt":{"rendered":"<p>L&rsquo;\u00e9quipe masculine combattra le mercredi\u00a022 mars2017 \u00e0 Morat (pes\u00e9e \u00e0 20h15). Elle rencontrera les \u00e9quipes suivantes :\u00a0\u00a0Hara Sport Murten et JC Cortaillod-NE H2 Soutenons notre \u00e9quipe ! &nbsp; Prochain tour : le mercredi\u00a026 avril\u00a0\u00e0 Lausanne contre EJD Yverdon et Fighto-wa Gen\u00e8ve<\/p>\n","protected":false},"author":4,"featured_media":4759,"comment_status":"open","ping_status":"open","sticky":false,"template":"","format":"standard","meta":{"_et_pb_use_builder":"","_et_pb_old_content":"","_et_gb_content_width":"","footnotes":""},"categories":[63,22,48],"tags":[],"class_list":["post-3265","post","type-post","status-publish","format-standard","has-post-thumbnail","hentry","category-competition","category-equipe-competition","category-judo"],"_links":{"self":[{"href":"https:\/\/www.judokwailausanne.ch\/index.php?rest_route=\/wp\/v2\/posts\/3265","targetHints":{"allow":["GET"]}}],"collection":[{"href":"https:\/\/www.judokwailausanne.ch\/index.php?rest_route=\/wp\/v2\/posts"}],"about":[{"href":"https:\/\/www.judokwailausanne.ch\/index.php?rest_route=\/wp\/v2\/types\/post"}],"author":[{"embeddable":true,"href":"https:\/\/www.judokwailausanne.ch\/index.php?rest_route=\/wp\/v2\/users\/4"}],"replies":[{"embeddable":true,"href":"https:\/\/www.judokwailausanne.ch\/index.php?rest_route=%2Fwp%2Fv2%2Fcomments&post=3265"}],"version-history":[{"count":1,"href":"https:\/\/www.judokwailausanne.ch\/index.php?rest_route=\/wp\/v2\/posts\/3265\/revisions"}],"predecessor-version":[{"id":8957,"href":"https:\/\/www.judokwailausanne.ch\/index.php?rest_route=\/wp\/v2\/posts\/3265\/revisions\/8957"}],"wp:featuredmedia":[{"embeddable":true,"href":"https:\/\/www.judokwailausanne.ch\/index.php?rest_route=\/wp\/v2\/media\/4759"}],"wp:attachment":[{"href":"https:\/\/www.judokwailausanne.ch\/index.php?rest_route=%2Fwp%2Fv2%2Fmedia&parent=3265"}],"wp:term":[{"taxonomy":"category","embeddable":true,"href":"https:\/\/www.judokwailausanne.ch\/index.php?rest_route=%2Fwp%2Fv2%2Fcategories&post=3265"},{"taxonomy":"post_tag","embeddable":true,"href":"https:\/\/www.judokwailausanne.ch\/index.php?rest_route=%2Fwp%2Fv2%2Ftags&post=3265"}],"curies":[{"name":"wp","href":"https:\/\/api.w.org\/{rel}","templated":true}]}}