{"id":3286,"date":"2017-03-23T07:20:41","date_gmt":"2017-03-23T06:20:41","guid":{"rendered":"http:\/\/www.judokwailausanne.ch\/cmsv3\/?p=3286"},"modified":"2018-08-13T23:13:57","modified_gmt":"2018-08-13T21:13:57","slug":"resultat-3eme-tour-1ere-ligue","status":"publish","type":"post","link":"https:\/\/www.judokwailausanne.ch\/?p=3286","title":{"rendered":"R\u00e9sultat &#8211; 3\u00e8me tour 1\u00e8re ligue"},"content":{"rendered":"<p style=\"text-align: left;\">L&rsquo;\u00e9quipe masculine combattait le mercredi\u00a022 mars2017 \u00e0 Morat.<\/p>\n<p>Apr\u00e8s un d\u00e9but de saison difficile, l&rsquo;\u00e9quipe du Kwai se reprend. Nous nous sommes d\u00e9plac\u00e9s \u00e0 Morat. <strong>Nous gagnons nos deux rencontres<\/strong>. Nous nous relan\u00e7ons bien et \u00e7a fait du bien au moral de tous.<br \/>\nProchain tour \u00e0 la maison, venez nombreux le 26 avril au Kwai nous encourager.<\/p>\n<p>Lausanne ICHIBAN!<\/p>\n<p>Prochain tour : le mercredi\u00a026 avril\u00a0\u00e0 Lausanne contre EJD Yverdon et Fighto-wa Gen\u00e8ve<\/p>\n<p>https:\/\/www.facebook.com\/judokwailausanne\/<\/p>\n","protected":false},"excerpt":{"rendered":"<p>L&rsquo;\u00e9quipe masculine combattait le mercredi\u00a022 mars2017 \u00e0 Morat. Apr\u00e8s un d\u00e9but de saison difficile, l&rsquo;\u00e9quipe du Kwai se reprend. Nous nous sommes d\u00e9plac\u00e9s \u00e0 Morat. Nous gagnons nos deux rencontres. Nous nous relan\u00e7ons bien et \u00e7a fait du bien au moral de tous. Prochain tour \u00e0 la maison, venez nombreux le 26 avril au Kwai [&hellip;]<\/p>\n","protected":false},"author":10,"featured_media":4759,"comment_status":"open","ping_status":"open","sticky":false,"template":"","format":"standard","meta":{"_et_pb_use_builder":"","_et_pb_old_content":"","_et_gb_content_width":"","footnotes":""},"categories":[63,22,48],"tags":[],"class_list":["post-3286","post","type-post","status-publish","format-standard","has-post-thumbnail","hentry","category-competition","category-equipe-competition","category-judo"],"_links":{"self":[{"href":"https:\/\/www.judokwailausanne.ch\/index.php?rest_route=\/wp\/v2\/posts\/3286","targetHints":{"allow":["GET"]}}],"collection":[{"href":"https:\/\/www.judokwailausanne.ch\/index.php?rest_route=\/wp\/v2\/posts"}],"about":[{"href":"https:\/\/www.judokwailausanne.ch\/index.php?rest_route=\/wp\/v2\/types\/post"}],"author":[{"embeddable":true,"href":"https:\/\/www.judokwailausanne.ch\/index.php?rest_route=\/wp\/v2\/users\/10"}],"replies":[{"embeddable":true,"href":"https:\/\/www.judokwailausanne.ch\/index.php?rest_route=%2Fwp%2Fv2%2Fcomments&post=3286"}],"version-history":[{"count":1,"href":"https:\/\/www.judokwailausanne.ch\/index.php?rest_route=\/wp\/v2\/posts\/3286\/revisions"}],"predecessor-version":[{"id":8949,"href":"https:\/\/www.judokwailausanne.ch\/index.php?rest_route=\/wp\/v2\/posts\/3286\/revisions\/8949"}],"wp:featuredmedia":[{"embeddable":true,"href":"https:\/\/www.judokwailausanne.ch\/index.php?rest_route=\/wp\/v2\/media\/4759"}],"wp:attachment":[{"href":"https:\/\/www.judokwailausanne.ch\/index.php?rest_route=%2Fwp%2Fv2%2Fmedia&parent=3286"}],"wp:term":[{"taxonomy":"category","embeddable":true,"href":"https:\/\/www.judokwailausanne.ch\/index.php?rest_route=%2Fwp%2Fv2%2Fcategories&post=3286"},{"taxonomy":"post_tag","embeddable":true,"href":"https:\/\/www.judokwailausanne.ch\/index.php?rest_route=%2Fwp%2Fv2%2Ftags&post=3286"}],"curies":[{"name":"wp","href":"https:\/\/api.w.org\/{rel}","templated":true}]}}