{"id":3294,"date":"2017-03-26T08:45:51","date_gmt":"2017-03-26T06:45:51","guid":{"rendered":"http:\/\/www.judokwailausanne.ch\/cmsv3\/?p=3294"},"modified":"2024-11-01T09:36:06","modified_gmt":"2024-11-01T08:36:06","slug":"les-nouveaux-vetements-du-jkl-arrivent-bientot","status":"publish","type":"post","link":"https:\/\/www.judokwailausanne.ch\/?p=3294","title":{"rendered":"LES NOUVEAUX V\u00caTEMENTS DU JKL ARRIVENT BIENT\u00d4T"},"content":{"rendered":"<p>Soyez pr\u00eat!<\/p>\n<p>Ils sont \u00e0 notre porte, ils arrivent pour prendre place sur vos \u00e9paules\u2026vous n&rsquo;allez plus pouvoir vous en passer\u2026dans quelques semaines ils seront l\u00e0&#8230;<\/p>\n<p><img decoding=\"async\" class=\"alignnone size-medium wp-image-3292 aligncenter\" src=\"http:\/\/www.judokwailausanne.ch\/cmsv3\/wp-content\/uploads\/2017\/03\/teaser-1-300x84.jpg\" alt=\"\" width=\"300\" height=\"84\" \/><\/p>\n<p>Un immense merci \u00e0 Many Ways pour son support et accompagnement durant la cr\u00e9ation et la production de nos nouveaux v\u00eatements.<\/p>\n<p><img decoding=\"async\" class=\"wp-image-3293 aligncenter\" src=\"http:\/\/www.judokwailausanne.ch\/cmsv3\/wp-content\/uploads\/2017\/03\/Many-Ways-logo-300x230.jpg\" alt=\"\" width=\"193\" height=\"148\" \/><\/p>\n<p>&nbsp;<\/p>\n","protected":false},"excerpt":{"rendered":"<p>Soyez pr\u00eat! Ils sont \u00e0 notre porte, ils arrivent pour prendre place sur vos \u00e9paules\u2026vous n&rsquo;allez plus pouvoir vous en passer\u2026dans quelques semaines ils seront l\u00e0&#8230; Un immense merci \u00e0 Many Ways pour son support et accompagnement durant la cr\u00e9ation et la production de nos nouveaux v\u00eatements. &nbsp;<\/p>\n","protected":false},"author":6,"featured_media":1359,"comment_status":"open","ping_status":"open","sticky":false,"template":"","format":"standard","meta":{"_et_pb_use_builder":"","_et_pb_old_content":"","_et_gb_content_width":"","footnotes":""},"categories":[55],"tags":[],"class_list":["post-3294","post","type-post","status-publish","format-standard","has-post-thumbnail","hentry","category-vie-du-jkl"],"_links":{"self":[{"href":"https:\/\/www.judokwailausanne.ch\/index.php?rest_route=\/wp\/v2\/posts\/3294","targetHints":{"allow":["GET"]}}],"collection":[{"href":"https:\/\/www.judokwailausanne.ch\/index.php?rest_route=\/wp\/v2\/posts"}],"about":[{"href":"https:\/\/www.judokwailausanne.ch\/index.php?rest_route=\/wp\/v2\/types\/post"}],"author":[{"embeddable":true,"href":"https:\/\/www.judokwailausanne.ch\/index.php?rest_route=\/wp\/v2\/users\/6"}],"replies":[{"embeddable":true,"href":"https:\/\/www.judokwailausanne.ch\/index.php?rest_route=%2Fwp%2Fv2%2Fcomments&post=3294"}],"version-history":[{"count":2,"href":"https:\/\/www.judokwailausanne.ch\/index.php?rest_route=\/wp\/v2\/posts\/3294\/revisions"}],"predecessor-version":[{"id":26368,"href":"https:\/\/www.judokwailausanne.ch\/index.php?rest_route=\/wp\/v2\/posts\/3294\/revisions\/26368"}],"wp:featuredmedia":[{"embeddable":true,"href":"https:\/\/www.judokwailausanne.ch\/index.php?rest_route=\/wp\/v2\/media\/1359"}],"wp:attachment":[{"href":"https:\/\/www.judokwailausanne.ch\/index.php?rest_route=%2Fwp%2Fv2%2Fmedia&parent=3294"}],"wp:term":[{"taxonomy":"category","embeddable":true,"href":"https:\/\/www.judokwailausanne.ch\/index.php?rest_route=%2Fwp%2Fv2%2Fcategories&post=3294"},{"taxonomy":"post_tag","embeddable":true,"href":"https:\/\/www.judokwailausanne.ch\/index.php?rest_route=%2Fwp%2Fv2%2Ftags&post=3294"}],"curies":[{"name":"wp","href":"https:\/\/api.w.org\/{rel}","templated":true}]}}