{"id":3301,"date":"2017-03-27T21:22:51","date_gmt":"2017-03-27T19:22:51","guid":{"rendered":"http:\/\/www.judokwailausanne.ch\/cmsv3\/?p=3301"},"modified":"2018-08-12T09:33:36","modified_gmt":"2018-08-12T07:33:36","slug":"l-assemblee-generale-du-jkl-en-quelques-mots","status":"publish","type":"post","link":"https:\/\/www.judokwailausanne.ch\/?p=3301","title":{"rendered":"L&rsquo; assembl\u00e9e g\u00e9n\u00e9rale du JKL en quelques mots"},"content":{"rendered":"<p>Le 21 mars dernier s&rsquo;est d\u00e9roul\u00e9e l&rsquo;assembl\u00e9e g\u00e9n\u00e9rale du JKL au dojo de Lausanne.<\/p>\n<p>Les points saillants de cette assembl\u00e9e ont \u00e9t\u00e9:<\/p>\n<ul>\n<li>une revue des beaux <a href=\"http:\/\/www.judokwailausanne.ch\/competition\">r\u00e9sultats en comp\u00e9tition <\/a>de nos judokas et judokas par Fran\u00e7ois Demont. Un immense merci \u00e0 lui pour son implication et l&rsquo;\u00e9nergie engag\u00e9e pour le secteur comp\u00e9tition du JKL<\/li>\n<li>une revue de l&rsquo;ann\u00e9e palinzarde. Une section o\u00f9 tout roule tr\u00e8s bien. Un effort particulier est entrepris par Arnaud pour pouvoir offrir plus d&rsquo;heure de tatamis \u00e0 Ir\u00e8ne et ses judokas. Le d\u00e9veloppement des cours pour adolescent passe par l\u00e0!<\/li>\n<li>un point sur la communication du JKL par Reto. Site internet et Facebook ont tenu la vedette. La Gazette recherche toujours des r\u00e9dacteurs, n&rsquo;h\u00e9sitez pas! Contactez nous!<\/li>\n<li>une pr\u00e9sentation du succ\u00e8s du <a href=\"http:\/\/club100.judokwailausanne.ch\/\">Club des 100<\/a> par Maxime. Adh\u00e9rez-y!<\/li>\n<li>l&rsquo;\u00e9lection de <a href=\"http:\/\/www.judokwailausanne.ch\/comite\">Val\u00e9rie au comit\u00e9 <\/a>en tant que responsable administrative et tr\u00e9sori\u00e8re. Bravo!<\/li>\n<li>la pr\u00e9sentation des principaux objectifs pour 2017. On vise haut et beau!<\/li>\n<\/ul>\n<p>L&rsquo;assembl\u00e9e g\u00e9n\u00e9rale s&rsquo;est termin\u00e9e sur une belle mais forte \u00e9motion avec quelques mots et cadeaux pour remercier Hiroshi pour ces 40 ann\u00e9es de pr\u00e9sence et d&rsquo;enseignement au JKL.<\/p>\n<p>L&rsquo;ensemble du comit\u00e9 directeur du JKL vous remercie, toutes et tous, pour votre pr\u00e9sence sur les tatamis du club et pour votre fid\u00e9lit\u00e9 au Judo Kwai Lausanne.<\/p>\n","protected":false},"excerpt":{"rendered":"<p>Le 21 mars dernier s&rsquo;est d\u00e9roul\u00e9e l&rsquo;assembl\u00e9e g\u00e9n\u00e9rale du JKL au dojo de Lausanne. Les points saillants de cette assembl\u00e9e ont \u00e9t\u00e9: une revue des beaux r\u00e9sultats en comp\u00e9tition de nos judokas et judokas par Fran\u00e7ois Demont. Un immense merci \u00e0 lui pour son implication et l&rsquo;\u00e9nergie engag\u00e9e pour le secteur comp\u00e9tition du JKL une [&hellip;]<\/p>\n","protected":false},"author":6,"featured_media":1359,"comment_status":"open","ping_status":"open","sticky":false,"template":"","format":"standard","meta":{"_et_pb_use_builder":"","_et_pb_old_content":"","_et_gb_content_width":"","footnotes":""},"categories":[55],"tags":[],"class_list":["post-3301","post","type-post","status-publish","format-standard","has-post-thumbnail","hentry","category-vie-du-jkl"],"_links":{"self":[{"href":"https:\/\/www.judokwailausanne.ch\/index.php?rest_route=\/wp\/v2\/posts\/3301","targetHints":{"allow":["GET"]}}],"collection":[{"href":"https:\/\/www.judokwailausanne.ch\/index.php?rest_route=\/wp\/v2\/posts"}],"about":[{"href":"https:\/\/www.judokwailausanne.ch\/index.php?rest_route=\/wp\/v2\/types\/post"}],"author":[{"embeddable":true,"href":"https:\/\/www.judokwailausanne.ch\/index.php?rest_route=\/wp\/v2\/users\/6"}],"replies":[{"embeddable":true,"href":"https:\/\/www.judokwailausanne.ch\/index.php?rest_route=%2Fwp%2Fv2%2Fcomments&post=3301"}],"version-history":[{"count":1,"href":"https:\/\/www.judokwailausanne.ch\/index.php?rest_route=\/wp\/v2\/posts\/3301\/revisions"}],"predecessor-version":[{"id":8696,"href":"https:\/\/www.judokwailausanne.ch\/index.php?rest_route=\/wp\/v2\/posts\/3301\/revisions\/8696"}],"wp:featuredmedia":[{"embeddable":true,"href":"https:\/\/www.judokwailausanne.ch\/index.php?rest_route=\/wp\/v2\/media\/1359"}],"wp:attachment":[{"href":"https:\/\/www.judokwailausanne.ch\/index.php?rest_route=%2Fwp%2Fv2%2Fmedia&parent=3301"}],"wp:term":[{"taxonomy":"category","embeddable":true,"href":"https:\/\/www.judokwailausanne.ch\/index.php?rest_route=%2Fwp%2Fv2%2Fcategories&post=3301"},{"taxonomy":"post_tag","embeddable":true,"href":"https:\/\/www.judokwailausanne.ch\/index.php?rest_route=%2Fwp%2Fv2%2Ftags&post=3301"}],"curies":[{"name":"wp","href":"https:\/\/api.w.org\/{rel}","templated":true}]}}