{"id":3419,"date":"2017-05-28T07:54:14","date_gmt":"2017-05-28T05:54:14","guid":{"rendered":"http:\/\/www.judokwailausanne.ch\/cmsv3\/?p=3419"},"modified":"2017-05-28T07:54:14","modified_gmt":"2017-05-28T05:54:14","slug":"tournoi-dete-du-jkl-25-juin-au-dojo-de-lausanne","status":"publish","type":"post","link":"https:\/\/www.judokwailausanne.ch\/?p=3419","title":{"rendered":"Tournoi d&rsquo;\u00e9t\u00e9 du JKL &#8211; 25 juin au dojo de Lausanne"},"content":{"rendered":"<p>Le premier tournoi d&rsquo;\u00e9t\u00e9 du JKL se d\u00e9roulera le 25 juin prochain, d\u00e8s 9h, au dojo de Lausanne.<\/p>\n<p>Ce tournoi est l&rsquo;occasion pour chaque jeune \u00e9l\u00e8ve du club (cat\u00e9gorie \u00e9colier) de participer \u00e0 une comp\u00e9tition de judo dans un cadre s\u00e9curis\u00e9 et festif et d&rsquo;appliquer ce qu&rsquo;il aura appris durant l&rsquo;ann\u00e9e scolaire \u00e9coul\u00e9e.<\/p>\n<p>N&rsquo;h\u00e9sitez pas \u00e0 y inscrire votre enfant et \u00e0 passer nous faire un petit \u00ab\u00a0coucou\u00a0\u00bb!<\/p>\n<p>Vivement le 25 juin \ud83d\ude42<\/p>\n","protected":false},"excerpt":{"rendered":"<p>Le premier tournoi d&rsquo;\u00e9t\u00e9 du JKL se d\u00e9roulera le 25 juin prochain, d\u00e8s 9h, au dojo de Lausanne. Ce tournoi est l&rsquo;occasion pour chaque jeune \u00e9l\u00e8ve du club (cat\u00e9gorie \u00e9colier) de participer \u00e0 une comp\u00e9tition de judo dans un cadre s\u00e9curis\u00e9 et festif et d&rsquo;appliquer ce qu&rsquo;il aura appris durant l&rsquo;ann\u00e9e scolaire \u00e9coul\u00e9e. N&rsquo;h\u00e9sitez pas [&hellip;]<\/p>\n","protected":false},"author":6,"featured_media":4215,"comment_status":"open","ping_status":"open","sticky":false,"template":"","format":"standard","meta":{"_et_pb_use_builder":"","_et_pb_old_content":"","_et_gb_content_width":"","footnotes":""},"categories":[24],"tags":[],"class_list":["post-3419","post","type-post","status-publish","format-standard","has-post-thumbnail","hentry","category-tournoi-enfant"],"_links":{"self":[{"href":"https:\/\/www.judokwailausanne.ch\/index.php?rest_route=\/wp\/v2\/posts\/3419","targetHints":{"allow":["GET"]}}],"collection":[{"href":"https:\/\/www.judokwailausanne.ch\/index.php?rest_route=\/wp\/v2\/posts"}],"about":[{"href":"https:\/\/www.judokwailausanne.ch\/index.php?rest_route=\/wp\/v2\/types\/post"}],"author":[{"embeddable":true,"href":"https:\/\/www.judokwailausanne.ch\/index.php?rest_route=\/wp\/v2\/users\/6"}],"replies":[{"embeddable":true,"href":"https:\/\/www.judokwailausanne.ch\/index.php?rest_route=%2Fwp%2Fv2%2Fcomments&post=3419"}],"version-history":[{"count":0,"href":"https:\/\/www.judokwailausanne.ch\/index.php?rest_route=\/wp\/v2\/posts\/3419\/revisions"}],"wp:featuredmedia":[{"embeddable":true,"href":"https:\/\/www.judokwailausanne.ch\/index.php?rest_route=\/wp\/v2\/media\/4215"}],"wp:attachment":[{"href":"https:\/\/www.judokwailausanne.ch\/index.php?rest_route=%2Fwp%2Fv2%2Fmedia&parent=3419"}],"wp:term":[{"taxonomy":"category","embeddable":true,"href":"https:\/\/www.judokwailausanne.ch\/index.php?rest_route=%2Fwp%2Fv2%2Fcategories&post=3419"},{"taxonomy":"post_tag","embeddable":true,"href":"https:\/\/www.judokwailausanne.ch\/index.php?rest_route=%2Fwp%2Fv2%2Ftags&post=3419"}],"curies":[{"name":"wp","href":"https:\/\/api.w.org\/{rel}","templated":true}]}}