{"id":3497,"date":"2017-08-12T07:07:00","date_gmt":"2017-08-12T05:07:00","guid":{"rendered":"http:\/\/www.judokwailausanne.ch\/cmsv3\/?p=3497"},"modified":"2018-08-12T09:20:37","modified_gmt":"2018-08-12T07:20:37","slug":"3497","status":"publish","type":"post","link":"https:\/\/www.judokwailausanne.ch\/?p=3497","title":{"rendered":"Cours Self-d\u00e9fense Dames"},"content":{"rendered":"<p><img decoding=\"async\" class=\" wp-image-2976 alignright\" src=\"http:\/\/www.judo-vaud.ch\/cms\/wp-content\/uploads\/2014\/12\/Pallas.png\" alt=\"Pallas\" width=\"114\" height=\"61\" \/>L&rsquo;Association Vaudoise de Judo et Ju-Jitsu soutient l&rsquo;Association Pallas en mettant \u00e0 disposition les moyens de r\u00e9aliser un cours d&rsquo;initiation \u00e0 l&rsquo;autod\u00e9fense pour les dames.<\/p>\n<p><!--more--><\/p>\n<p>&nbsp;<\/p>\n<p>Le <strong>cours d&rsquo;autod\u00e9fense dame <\/strong>sera donn\u00e9 par <strong>Umia Gomez<\/strong> (2\u00e8me Dan Judo, 1er Dan Ju-Jitsu et monitrice Pallas) et se tiendra au Dojo du Judo Kwai Lausanne le samedi 26 ao\u00fbt 2017 de 09:00 \u00e0 12:00.<\/p>\n<p>Le cours est<strong> r\u00e9serv\u00e9 aux dames et jeunes filles uniquement.<\/strong><\/p>\n<p>Le cours est <strong>gratuit <\/strong>pour les membres de l&rsquo;AVJJ et 20.- pour les autres.<\/p>\n<p>Tous les d\u00e9tails concernant l&rsquo;inscription et renseignements sont sur <a href=\"http:\/\/www.judo-vaud.ch\/?p=5202\" target=\"_blank\" rel=\"noopener noreferrer\">le site de l&rsquo;Association Vaudoise de Judo et Ju-Jitsu : http:\/\/www.judo-vaud.ch\/?p=5202<\/a><\/p>\n","protected":false},"excerpt":{"rendered":"<p>L&rsquo;Association Vaudoise de Judo et Ju-Jitsu soutient l&rsquo;Association Pallas en mettant \u00e0 disposition les moyens de r\u00e9aliser un cours d&rsquo;initiation \u00e0 l&rsquo;autod\u00e9fense pour les dames.<\/p>\n","protected":false},"author":4,"featured_media":1359,"comment_status":"open","ping_status":"open","sticky":false,"template":"","format":"standard","meta":{"_et_pb_use_builder":"","_et_pb_old_content":"","_et_gb_content_width":"","footnotes":""},"categories":[33,55],"tags":[],"class_list":["post-3497","post","type-post","status-publish","format-standard","has-post-thumbnail","hentry","category-ju-jitsu","category-vie-du-jkl"],"_links":{"self":[{"href":"https:\/\/www.judokwailausanne.ch\/index.php?rest_route=\/wp\/v2\/posts\/3497","targetHints":{"allow":["GET"]}}],"collection":[{"href":"https:\/\/www.judokwailausanne.ch\/index.php?rest_route=\/wp\/v2\/posts"}],"about":[{"href":"https:\/\/www.judokwailausanne.ch\/index.php?rest_route=\/wp\/v2\/types\/post"}],"author":[{"embeddable":true,"href":"https:\/\/www.judokwailausanne.ch\/index.php?rest_route=\/wp\/v2\/users\/4"}],"replies":[{"embeddable":true,"href":"https:\/\/www.judokwailausanne.ch\/index.php?rest_route=%2Fwp%2Fv2%2Fcomments&post=3497"}],"version-history":[{"count":1,"href":"https:\/\/www.judokwailausanne.ch\/index.php?rest_route=\/wp\/v2\/posts\/3497\/revisions"}],"predecessor-version":[{"id":8678,"href":"https:\/\/www.judokwailausanne.ch\/index.php?rest_route=\/wp\/v2\/posts\/3497\/revisions\/8678"}],"wp:featuredmedia":[{"embeddable":true,"href":"https:\/\/www.judokwailausanne.ch\/index.php?rest_route=\/wp\/v2\/media\/1359"}],"wp:attachment":[{"href":"https:\/\/www.judokwailausanne.ch\/index.php?rest_route=%2Fwp%2Fv2%2Fmedia&parent=3497"}],"wp:term":[{"taxonomy":"category","embeddable":true,"href":"https:\/\/www.judokwailausanne.ch\/index.php?rest_route=%2Fwp%2Fv2%2Fcategories&post=3497"},{"taxonomy":"post_tag","embeddable":true,"href":"https:\/\/www.judokwailausanne.ch\/index.php?rest_route=%2Fwp%2Fv2%2Ftags&post=3497"}],"curies":[{"name":"wp","href":"https:\/\/api.w.org\/{rel}","templated":true}]}}