{"id":3527,"date":"2017-06-25T20:54:39","date_gmt":"2017-06-25T18:54:39","guid":{"rendered":"http:\/\/www.judokwailausanne.ch\/cmsv3\/?p=3527"},"modified":"2018-03-06T16:45:26","modified_gmt":"2018-03-06T15:45:26","slug":"1er-tournoi-ne-waza-jkl","status":"publish","type":"post","link":"https:\/\/www.judokwailausanne.ch\/?p=3527","title":{"rendered":"1er Tournoi Ne-Waza JKL"},"content":{"rendered":"<p>Merci \u00e0 toutes et \u00e0 tous pour la belle participation au tournoi interne de ne-waza du JKL malgr\u00e9 la chaleur.<br \/>\nUne mention sp\u00e9ciale \u00e0 Thais et Soline qui ont accept\u00e9 de participer au tournoi malgr\u00e9 une composition tr\u00e8s masculine.<\/p>\n<p><!--more--><\/p>\n<p>Voici les r\u00e9sultats:<\/p>\n<ol>\n<li>Tatsuto Shima<\/li>\n<li>Alexandre Jacot-Guillarmod<\/li>\n<li>David Sueur\u00a0 &amp; Marco Citti<\/li>\n<\/ol>\n<p>Viennent ensuite par ordre alphab\u00e9tique:<\/p>\n<ul>\n<li>Arnaud Carrard<\/li>\n<li>Fran\u00e7ois Demont<\/li>\n<li>Julien Farinelli<\/li>\n<li>Maxime Mbanza<\/li>\n<\/ul>\n<p>L&rsquo;organisation du tournoi revient <a href=\"http:\/\/club100.judokwailausanne.ch\/\">au Club100<\/a>.<\/p>\n<p>Photos: <a href=\"https:\/\/goo.gl\/photos\/tdZxfvyxa5cMm9oQA\" target=\"_blank\" rel=\"noopener noreferrer\">https:\/\/goo.gl\/photos\/tdZxfvyxa5cMm9oQA<\/a><\/p>\n<p>&nbsp;<\/p>\n<p><a href=\"http:\/\/www.judokwailausanne.ch\/cmsv3\/wp-content\/uploads\/2017\/06\/tournoi-newaza1.jpg\" target=\"_blank\" rel=\"noopener noreferrer\"><img fetchpriority=\"high\" fetchpriority=\"high\" decoding=\"async\" class=\"aligncenter size-medium wp-image-3528\" src=\"http:\/\/www.judokwailausanne.ch\/cmsv3\/wp-content\/uploads\/2017\/06\/tournoi-newaza1-169x300.jpg\" alt=\"\" width=\"169\" height=\"300\" \/><\/a><a href=\"http:\/\/www.judokwailausanne.ch\/cmsv3\/wp-content\/uploads\/2017\/06\/tournoi-newaza2.jpg\" target=\"_blank\" rel=\"noopener noreferrer\"><img decoding=\"async\" class=\"aligncenter size-medium wp-image-3530\" src=\"http:\/\/www.judokwailausanne.ch\/cmsv3\/wp-content\/uploads\/2017\/06\/tournoi-newaza2-300x190.jpg\" alt=\"\" width=\"300\" height=\"190\" \/><\/a><a href=\"http:\/\/www.judokwailausanne.ch\/cmsv3\/wp-content\/uploads\/2017\/06\/tournoi-newaza1.jpg\" target=\"_blank\" rel=\"noopener noreferrer\">\u00a0<\/a><\/p>\n<p>Bravo \u00e0 tous et \u00e0 l&rsquo;ann\u00e9e prochaine !!!<\/p>\n","protected":false},"excerpt":{"rendered":"<p>Merci \u00e0 toutes et \u00e0 tous pour la belle participation au tournoi interne de ne-waza du JKL malgr\u00e9 la chaleur. Une mention sp\u00e9ciale \u00e0 Thais et Soline qui ont accept\u00e9 de participer au tournoi malgr\u00e9 une composition tr\u00e8s masculine.<\/p>\n","protected":false},"author":3,"featured_media":4974,"comment_status":"open","ping_status":"open","sticky":false,"template":"","format":"standard","meta":{"_et_pb_use_builder":"","_et_pb_old_content":"","_et_gb_content_width":"","footnotes":""},"categories":[49,47],"tags":[],"class_list":["post-3527","post","type-post","status-publish","format-standard","has-post-thumbnail","hentry","category-club100","category-tournoi-ne-waza"],"_links":{"self":[{"href":"https:\/\/www.judokwailausanne.ch\/index.php?rest_route=\/wp\/v2\/posts\/3527","targetHints":{"allow":["GET"]}}],"collection":[{"href":"https:\/\/www.judokwailausanne.ch\/index.php?rest_route=\/wp\/v2\/posts"}],"about":[{"href":"https:\/\/www.judokwailausanne.ch\/index.php?rest_route=\/wp\/v2\/types\/post"}],"author":[{"embeddable":true,"href":"https:\/\/www.judokwailausanne.ch\/index.php?rest_route=\/wp\/v2\/users\/3"}],"replies":[{"embeddable":true,"href":"https:\/\/www.judokwailausanne.ch\/index.php?rest_route=%2Fwp%2Fv2%2Fcomments&post=3527"}],"version-history":[{"count":2,"href":"https:\/\/www.judokwailausanne.ch\/index.php?rest_route=\/wp\/v2\/posts\/3527\/revisions"}],"predecessor-version":[{"id":4955,"href":"https:\/\/www.judokwailausanne.ch\/index.php?rest_route=\/wp\/v2\/posts\/3527\/revisions\/4955"}],"wp:featuredmedia":[{"embeddable":true,"href":"https:\/\/www.judokwailausanne.ch\/index.php?rest_route=\/wp\/v2\/media\/4974"}],"wp:attachment":[{"href":"https:\/\/www.judokwailausanne.ch\/index.php?rest_route=%2Fwp%2Fv2%2Fmedia&parent=3527"}],"wp:term":[{"taxonomy":"category","embeddable":true,"href":"https:\/\/www.judokwailausanne.ch\/index.php?rest_route=%2Fwp%2Fv2%2Fcategories&post=3527"},{"taxonomy":"post_tag","embeddable":true,"href":"https:\/\/www.judokwailausanne.ch\/index.php?rest_route=%2Fwp%2Fv2%2Ftags&post=3527"}],"curies":[{"name":"wp","href":"https:\/\/api.w.org\/{rel}","templated":true}]}}