{"id":3532,"date":"2017-06-25T21:08:32","date_gmt":"2017-06-25T19:08:32","guid":{"rendered":"http:\/\/www.judokwailausanne.ch\/cmsv3\/?p=3532"},"modified":"2018-07-01T15:21:58","modified_gmt":"2018-07-01T13:21:58","slug":"1er-tournoi-dete","status":"publish","type":"post","link":"https:\/\/www.judokwailausanne.ch\/?p=3532","title":{"rendered":"1er Tournoi d&rsquo;\u00e9t\u00e9"},"content":{"rendered":"<p>Le premier tournoi d&rsquo;\u00e9t\u00e9 pour \u00e9coliers au JKL a \u00e9t\u00e9 une r\u00e9ussite.<\/p>\n<p><!--more--><br \/>\nNotre Dojo surchauff\u00e9 a connu une belle affluence et de magnifiques combats.<br \/>\nLes photos sont la : <a href=\"https:\/\/goo.gl\/photos\/tvYKSYqrgcnJefho9\" target=\"_blank\" rel=\"noopener noreferrer\">https:\/\/goo.gl\/photos\/tvYKSYqrgcnJefho9<\/a><\/p>\n<p>Bravo \u00e0 tous et \u00e0 l&rsquo;ann\u00e9e prochaine !!!<\/p>\n<p><a href=\"http:\/\/www.judokwailausanne.ch\/cmsv3\/wp-content\/uploads\/2017\/06\/tournoi-\u00e9t\u00e9.jpg\" target=\"_blank\" rel=\"noopener noreferrer\"><img fetchpriority=\"high\" fetchpriority=\"high\" decoding=\"async\" class=\"aligncenter size-medium wp-image-3533\" src=\"http:\/\/www.judokwailausanne.ch\/cmsv3\/wp-content\/uploads\/2017\/06\/tournoi-\u00e9t\u00e9-300x285.jpg\" alt=\"\" width=\"300\" height=\"285\" \/><\/a><\/p>\n","protected":false},"excerpt":{"rendered":"<p>Le premier tournoi d&rsquo;\u00e9t\u00e9 pour \u00e9coliers au JKL a \u00e9t\u00e9 une r\u00e9ussite.<\/p>\n","protected":false},"author":3,"featured_media":4310,"comment_status":"open","ping_status":"open","sticky":false,"template":"","format":"standard","meta":{"_et_pb_use_builder":"","_et_pb_old_content":"","_et_gb_content_width":"","footnotes":""},"categories":[24],"tags":[],"class_list":["post-3532","post","type-post","status-publish","format-standard","has-post-thumbnail","hentry","category-tournoi-enfant"],"_links":{"self":[{"href":"https:\/\/www.judokwailausanne.ch\/index.php?rest_route=\/wp\/v2\/posts\/3532","targetHints":{"allow":["GET"]}}],"collection":[{"href":"https:\/\/www.judokwailausanne.ch\/index.php?rest_route=\/wp\/v2\/posts"}],"about":[{"href":"https:\/\/www.judokwailausanne.ch\/index.php?rest_route=\/wp\/v2\/types\/post"}],"author":[{"embeddable":true,"href":"https:\/\/www.judokwailausanne.ch\/index.php?rest_route=\/wp\/v2\/users\/3"}],"replies":[{"embeddable":true,"href":"https:\/\/www.judokwailausanne.ch\/index.php?rest_route=%2Fwp%2Fv2%2Fcomments&post=3532"}],"version-history":[{"count":1,"href":"https:\/\/www.judokwailausanne.ch\/index.php?rest_route=\/wp\/v2\/posts\/3532\/revisions"}],"predecessor-version":[{"id":7554,"href":"https:\/\/www.judokwailausanne.ch\/index.php?rest_route=\/wp\/v2\/posts\/3532\/revisions\/7554"}],"wp:featuredmedia":[{"embeddable":true,"href":"https:\/\/www.judokwailausanne.ch\/index.php?rest_route=\/wp\/v2\/media\/4310"}],"wp:attachment":[{"href":"https:\/\/www.judokwailausanne.ch\/index.php?rest_route=%2Fwp%2Fv2%2Fmedia&parent=3532"}],"wp:term":[{"taxonomy":"category","embeddable":true,"href":"https:\/\/www.judokwailausanne.ch\/index.php?rest_route=%2Fwp%2Fv2%2Fcategories&post=3532"},{"taxonomy":"post_tag","embeddable":true,"href":"https:\/\/www.judokwailausanne.ch\/index.php?rest_route=%2Fwp%2Fv2%2Ftags&post=3532"}],"curies":[{"name":"wp","href":"https:\/\/api.w.org\/{rel}","templated":true}]}}