{"id":3724,"date":"2017-10-17T22:02:38","date_gmt":"2017-10-17T20:02:38","guid":{"rendered":"http:\/\/www.judokwailausanne.ch\/cmsv3\/?p=3724"},"modified":"2024-11-01T09:36:34","modified_gmt":"2024-11-01T08:36:34","slug":"semaine-olympique-2017-participation-remarquee-du-jkl","status":"publish","type":"post","link":"https:\/\/www.judokwailausanne.ch\/?p=3724","title":{"rendered":"Semaine Olympique 2017 &#8211; participation remarqu\u00e9e du JKL"},"content":{"rendered":"<p>Le Judo Kwai Lausanne a particip\u00e9 \u00e0 la superbe et ensoleill\u00e9e 37\u00e8me semaine olympique.<\/p>\n<p>Le mercredi 11 octobre dernier <strong><a href=\"http:\/\/www.judokwailausanne.ch\/cmsv3\/?page_id=37\">Tatsuto Sensei<\/a><\/strong> assist\u00e9 d&rsquo;<strong>Alexandre Owlya<\/strong> ont initi\u00e9 de nombreux enfants au Judo.<\/p>\n<p>A voir les sourires des jeunes participants, chacun y a pris un grand plaisir et il est fort \u00e0 parier que ces initiations auront r\u00e9veill\u00e9 quelques vocations.<\/p>\n<p><img fetchpriority=\"high\" fetchpriority=\"high\" decoding=\"async\" class=\"size-medium wp-image-3722 aligncenter\" src=\"http:\/\/www.judokwailausanne.ch\/cmsv3\/wp-content\/uploads\/2017\/10\/IMG-20171014-WA0005-300x225.jpg\" alt=\"\" width=\"300\" height=\"225\" \/><\/p>\n<p>Un grand merci \u00e0 Tatsuto et \u00e0 Alexandre pour leur engagement!<\/p>\n<p><img decoding=\"async\" class=\"alignnone size-medium wp-image-3723 aligncenter\" src=\"http:\/\/www.judokwailausanne.ch\/cmsv3\/wp-content\/uploads\/2017\/10\/IMG-20171014-WA0003-225x300.jpg\" alt=\"\" width=\"225\" height=\"300\" \/><\/p>\n<p>Enfin, sachez \u00e9galement que le JKL \u00e9tait pr\u00e9sent sur le stand du Comit\u00e9 d&rsquo;organisation de Lausanne 2020 durant toute la semaine: 10 bons pour une initiation Judo au JKL \u00e9taient \u00e0 gagner durant le le concours propos\u00e9 par \u00ab\u00a0Lausanne 2020\u00a0\u00bb.<\/p>\n<p>Un grand merci \u00e0 <strong>Stefany<\/strong> et \u00e0 <strong>Ian<\/strong>, du Comit\u00e9 d&rsquo;organisation Lausanne 2020, pour permettre que le JKL s&rsquo;associe (modestement) \u00e0 leur fantastique projet pour la Jeunesse et pour la Ville!<\/p>\n<p><img decoding=\"async\" class=\"size-medium wp-image-3720 aligncenter\" src=\"http:\/\/www.judokwailausanne.ch\/cmsv3\/wp-content\/uploads\/2017\/10\/IMG-20171010-WA0007-260x300.jpg\" alt=\"\" width=\"260\" height=\"300\" \/><\/p>\n","protected":false},"excerpt":{"rendered":"<p>Le Judo Kwai Lausanne a particip\u00e9 \u00e0 la superbe et ensoleill\u00e9e 37\u00e8me semaine olympique. Le mercredi 11 octobre dernier Tatsuto Sensei assist\u00e9 d&rsquo;Alexandre Owlya ont initi\u00e9 de nombreux enfants au Judo. A voir les sourires des jeunes participants, chacun y a pris un grand plaisir et il est fort \u00e0 parier que ces initiations auront [&hellip;]<\/p>\n","protected":false},"author":6,"featured_media":4759,"comment_status":"open","ping_status":"open","sticky":false,"template":"","format":"standard","meta":{"_et_pb_use_builder":"","_et_pb_old_content":"","_et_gb_content_width":"","footnotes":""},"categories":[29,48,55],"tags":[],"class_list":["post-3724","post","type-post","status-publish","format-standard","has-post-thumbnail","hentry","category-entrainements-de-vacances","category-judo","category-vie-du-jkl"],"_links":{"self":[{"href":"https:\/\/www.judokwailausanne.ch\/index.php?rest_route=\/wp\/v2\/posts\/3724","targetHints":{"allow":["GET"]}}],"collection":[{"href":"https:\/\/www.judokwailausanne.ch\/index.php?rest_route=\/wp\/v2\/posts"}],"about":[{"href":"https:\/\/www.judokwailausanne.ch\/index.php?rest_route=\/wp\/v2\/types\/post"}],"author":[{"embeddable":true,"href":"https:\/\/www.judokwailausanne.ch\/index.php?rest_route=\/wp\/v2\/users\/6"}],"replies":[{"embeddable":true,"href":"https:\/\/www.judokwailausanne.ch\/index.php?rest_route=%2Fwp%2Fv2%2Fcomments&post=3724"}],"version-history":[{"count":3,"href":"https:\/\/www.judokwailausanne.ch\/index.php?rest_route=\/wp\/v2\/posts\/3724\/revisions"}],"predecessor-version":[{"id":26369,"href":"https:\/\/www.judokwailausanne.ch\/index.php?rest_route=\/wp\/v2\/posts\/3724\/revisions\/26369"}],"wp:featuredmedia":[{"embeddable":true,"href":"https:\/\/www.judokwailausanne.ch\/index.php?rest_route=\/wp\/v2\/media\/4759"}],"wp:attachment":[{"href":"https:\/\/www.judokwailausanne.ch\/index.php?rest_route=%2Fwp%2Fv2%2Fmedia&parent=3724"}],"wp:term":[{"taxonomy":"category","embeddable":true,"href":"https:\/\/www.judokwailausanne.ch\/index.php?rest_route=%2Fwp%2Fv2%2Fcategories&post=3724"},{"taxonomy":"post_tag","embeddable":true,"href":"https:\/\/www.judokwailausanne.ch\/index.php?rest_route=%2Fwp%2Fv2%2Ftags&post=3724"}],"curies":[{"name":"wp","href":"https:\/\/api.w.org\/{rel}","templated":true}]}}