{"id":3776,"date":"2017-11-01T12:50:08","date_gmt":"2017-11-01T11:50:08","guid":{"rendered":"http:\/\/www.judokwailausanne.ch\/cmsv3\/?p=3776"},"modified":"2018-08-13T23:13:57","modified_gmt":"2018-08-13T21:13:57","slug":"fin-de-saison-pour-lequipe-de-1ere-ligue","status":"publish","type":"post","link":"https:\/\/www.judokwailausanne.ch\/?p=3776","title":{"rendered":"Fin de saison pour l&rsquo;\u00e9quipe de 1\u00e8re ligue"},"content":{"rendered":"<p>Le championnats par \u00e9quipe est termin\u00e9 et l&rsquo;\u00e9quipe du JKL, apr\u00e8s une saison en dents de scie, finit tout de m\u00eame sur une jolie troisi\u00e8me place au classement final derri\u00e8re Romont (en LNA en 2016) et Carouge (<em>idem<\/em>). Un grand bravo au Judo Club Carouge donc, qui remporte la premi\u00e8re place apr\u00e8s avoir largement domin\u00e9 cette ann\u00e9e de judo (on en profite pour rappeler qu&rsquo;on a gagn\u00e9 1x contre eux 6 \u00e0 4, ce qui est de bonne augure pour la suite \ud83d\ude09 ).<\/p>\n<p>On rel\u00e8vera, cette ann\u00e9e, le tr\u00e8s bon niveau g\u00e9n\u00e9ral de ce championnat de 1\u00e8re ligue, avec plusieurs \u00e9quipes qui auraient ais\u00e9ment pu combattre au niveau national. Aucune rencontre n&rsquo;a \u00e9t\u00e9 facile!<\/p>\n<p>On se r\u00e9jouit de vous retrouver l&rsquo;an prochain (avec une ou deux surprises si tout se passe bien) pour encore plus de judo et de spectacle! Petit changement : l&rsquo;\u00e9quipe sera dirig\u00e9e et coach\u00e9e par Shima Sense\u00ef qui reprend en charge le secteur comp\u00e9tition du JKL \u00e0 la suite de Fran\u00e7ois Demont (il para\u00eet que c&rsquo;est important de se retirer au bon moment, a dit un papa). Bon courage \u00e0 Shima sense\u00ef et&#8230;<\/p>\n<p style=\"text-align: center;\">&#8230;ICHIBAN!<\/p>\n<p style=\"text-align: center;\">Classement Equipe de 1\u00e8re ligue romande<br \/>\n1 JC CAROUGE H1<br \/>\n2 JC ROMONT<br \/>\n3 JUDO KWAI LAUSANNE<br \/>\n4 HARA SPORT MURTEN<br \/>\n5 JT RIVIERA<br \/>\n6 JT CORTAILLOD-NE H2<br \/>\n7 EJD YVERDON H2<br \/>\n8 FIGHTO-WA GENEVE<br \/>\n9 JUDO VALAIS<\/p>\n","protected":false},"excerpt":{"rendered":"<p>Le championnats par \u00e9quipe est termin\u00e9 et l&rsquo;\u00e9quipe du JKL, apr\u00e8s une saison en dents de scie, finit tout de m\u00eame sur une jolie troisi\u00e8me place au classement final derri\u00e8re Romont (en LNA en 2016) et Carouge (idem). Un grand bravo au Judo Club Carouge donc, qui remporte la premi\u00e8re place apr\u00e8s avoir largement domin\u00e9 [&hellip;]<\/p>\n","protected":false},"author":10,"featured_media":4759,"comment_status":"open","ping_status":"open","sticky":false,"template":"","format":"standard","meta":{"_et_pb_use_builder":"","_et_pb_old_content":"","_et_gb_content_width":"","footnotes":""},"categories":[63,22,48],"tags":[],"class_list":["post-3776","post","type-post","status-publish","format-standard","has-post-thumbnail","hentry","category-competition","category-equipe-competition","category-judo"],"_links":{"self":[{"href":"https:\/\/www.judokwailausanne.ch\/index.php?rest_route=\/wp\/v2\/posts\/3776","targetHints":{"allow":["GET"]}}],"collection":[{"href":"https:\/\/www.judokwailausanne.ch\/index.php?rest_route=\/wp\/v2\/posts"}],"about":[{"href":"https:\/\/www.judokwailausanne.ch\/index.php?rest_route=\/wp\/v2\/types\/post"}],"author":[{"embeddable":true,"href":"https:\/\/www.judokwailausanne.ch\/index.php?rest_route=\/wp\/v2\/users\/10"}],"replies":[{"embeddable":true,"href":"https:\/\/www.judokwailausanne.ch\/index.php?rest_route=%2Fwp%2Fv2%2Fcomments&post=3776"}],"version-history":[{"count":1,"href":"https:\/\/www.judokwailausanne.ch\/index.php?rest_route=\/wp\/v2\/posts\/3776\/revisions"}],"predecessor-version":[{"id":8667,"href":"https:\/\/www.judokwailausanne.ch\/index.php?rest_route=\/wp\/v2\/posts\/3776\/revisions\/8667"}],"wp:featuredmedia":[{"embeddable":true,"href":"https:\/\/www.judokwailausanne.ch\/index.php?rest_route=\/wp\/v2\/media\/4759"}],"wp:attachment":[{"href":"https:\/\/www.judokwailausanne.ch\/index.php?rest_route=%2Fwp%2Fv2%2Fmedia&parent=3776"}],"wp:term":[{"taxonomy":"category","embeddable":true,"href":"https:\/\/www.judokwailausanne.ch\/index.php?rest_route=%2Fwp%2Fv2%2Fcategories&post=3776"},{"taxonomy":"post_tag","embeddable":true,"href":"https:\/\/www.judokwailausanne.ch\/index.php?rest_route=%2Fwp%2Fv2%2Ftags&post=3776"}],"curies":[{"name":"wp","href":"https:\/\/api.w.org\/{rel}","templated":true}]}}