{"id":3792,"date":"2017-11-13T07:13:50","date_gmt":"2017-11-13T06:13:50","guid":{"rendered":"http:\/\/www.judokwailausanne.ch\/cmsv3\/?p=3792"},"modified":"2018-08-13T23:12:02","modified_gmt":"2018-08-13T21:12:02","slug":"championnats-suisses-individuels-7-qualifies-pour-le-jkl-venez-les-soutenir","status":"publish","type":"post","link":"https:\/\/www.judokwailausanne.ch\/?p=3792","title":{"rendered":"Championnats suisses individuels, 7 qualifi\u00e9s pour le JKL. Venez les soutenir!"},"content":{"rendered":"<p>Les <strong>18 et 19 novembre<\/strong> se d\u00e9rouleront les<strong> championnats suisses individuels<\/strong> \u00e0 Neuch\u00e2tel.<\/p>\n<p>Apr\u00e8s une intense saison, sept combattant(e)s du JKL se sont qualifi\u00e9s parmi les 12 meilleurs de leurs cat\u00e9gories respectives. A savoir,<\/p>\n<ul>\n<li>Tania (F18 et F21 -63kg)<\/li>\n<li>Tha\u00efs (F18 et F21 -57kg)<\/li>\n<li>Jessica (F21 -63kg)<\/li>\n<li>Soline (F21 et FE -70kg)<\/li>\n<li>Fran\u00e7ois (ME -90gk)<\/li>\n<li>Lorenz (M21 -66kg)<\/li>\n<li>Marco (M21 -81kg)<\/li>\n<\/ul>\n<p>A l&rsquo;exception de Soline (\u00e0 l&rsquo;\u00e9tranger pour ses \u00e9tudes), tous ces vaillants repr\u00e9sentants du JKL seront sur les tatamis neuch\u00e2telois pour viser un podium national. Alors venez nombreux les soutenir!<\/p>\n<p>Vous trouverez toutes les informations (lieu, horaire)\u00a0sur ce<a href=\"https:\/\/sjv.ch\/005_Meisterschaften-Judo\/SEM\/2017\/CSI17-Programme-et-publication.pdf\"> lien<\/a>.<\/p>\n<p>On compte sur vous!<\/p>\n","protected":false},"excerpt":{"rendered":"<p>Les 18 et 19 novembre se d\u00e9rouleront les championnats suisses individuels \u00e0 Neuch\u00e2tel. Apr\u00e8s une intense saison, sept combattant(e)s du JKL se sont qualifi\u00e9s parmi les 12 meilleurs de leurs cat\u00e9gories respectives. A savoir, Tania (F18 et F21 -63kg) Tha\u00efs (F18 et F21 -57kg) Jessica (F21 -63kg) Soline (F21 et FE -70kg) Fran\u00e7ois (ME -90gk) [&hellip;]<\/p>\n","protected":false},"author":6,"featured_media":4759,"comment_status":"open","ping_status":"open","sticky":false,"template":"","format":"standard","meta":{"_et_pb_use_builder":"","_et_pb_old_content":"","_et_gb_content_width":"","footnotes":""},"categories":[63,64,48],"tags":[],"class_list":["post-3792","post","type-post","status-publish","format-standard","has-post-thumbnail","hentry","category-competition","category-individuel","category-judo"],"_links":{"self":[{"href":"https:\/\/www.judokwailausanne.ch\/index.php?rest_route=\/wp\/v2\/posts\/3792","targetHints":{"allow":["GET"]}}],"collection":[{"href":"https:\/\/www.judokwailausanne.ch\/index.php?rest_route=\/wp\/v2\/posts"}],"about":[{"href":"https:\/\/www.judokwailausanne.ch\/index.php?rest_route=\/wp\/v2\/types\/post"}],"author":[{"embeddable":true,"href":"https:\/\/www.judokwailausanne.ch\/index.php?rest_route=\/wp\/v2\/users\/6"}],"replies":[{"embeddable":true,"href":"https:\/\/www.judokwailausanne.ch\/index.php?rest_route=%2Fwp%2Fv2%2Fcomments&post=3792"}],"version-history":[{"count":1,"href":"https:\/\/www.judokwailausanne.ch\/index.php?rest_route=\/wp\/v2\/posts\/3792\/revisions"}],"predecessor-version":[{"id":8665,"href":"https:\/\/www.judokwailausanne.ch\/index.php?rest_route=\/wp\/v2\/posts\/3792\/revisions\/8665"}],"wp:featuredmedia":[{"embeddable":true,"href":"https:\/\/www.judokwailausanne.ch\/index.php?rest_route=\/wp\/v2\/media\/4759"}],"wp:attachment":[{"href":"https:\/\/www.judokwailausanne.ch\/index.php?rest_route=%2Fwp%2Fv2%2Fmedia&parent=3792"}],"wp:term":[{"taxonomy":"category","embeddable":true,"href":"https:\/\/www.judokwailausanne.ch\/index.php?rest_route=%2Fwp%2Fv2%2Fcategories&post=3792"},{"taxonomy":"post_tag","embeddable":true,"href":"https:\/\/www.judokwailausanne.ch\/index.php?rest_route=%2Fwp%2Fv2%2Ftags&post=3792"}],"curies":[{"name":"wp","href":"https:\/\/api.w.org\/{rel}","templated":true}]}}