{"id":3838,"date":"2017-11-28T07:52:33","date_gmt":"2017-11-28T06:52:33","guid":{"rendered":"http:\/\/www.judokwailausanne.ch\/cmsv3\/?p=3838"},"modified":"2021-09-26T19:44:08","modified_gmt":"2021-09-26T17:44:08","slug":"maitre-katanishi-honore-par-la-ville-de-lausanne-prix-du-merite-sportif-lausannois","status":"publish","type":"post","link":"https:\/\/www.judokwailausanne.ch\/?p=3838","title":{"rendered":"Ma\u00eetre Katanishi honor\u00e9 par la ville de Lausanne &#8211; Prix du m\u00e9rite sportif lausannois"},"content":{"rendered":"<p>Le Judo Kwai de Lausanne a l&rsquo;immense plaisir d&rsquo;annoncer un laur\u00e9at du Prix du m\u00e9rite sportif lausannois en la personne de Ma\u00eetre Hiroshi Katanishi.<\/p>\n<p>&nbsp;<\/p>\n<p>Extrait de l&rsquo;article du 24 Heures :<\/p>\n<p>&nbsp;<\/p>\n<p><img fetchpriority=\"high\" fetchpriority=\"high\" decoding=\"async\" class=\"textImg aligncenter\" src=\"https:\/\/files.newsnetz.ch\/upload\/\/1\/5\/150511.jpg\" width=\"546\" height=\"364\" border=\"0\" \/><\/p>\n<p><strong>Catherine Maliev et Hiroshi Katanishi, plongeon et judo<br \/>\n<\/strong> Les deux entra\u00eeneurs ont partag\u00e9 le m\u00eame toit de Mon-Repos durant des d\u00e9cennies. Ironie du sort, c\u2019est ensemble qu\u2019ils se sont retrouv\u00e9s \u00e0 Montbenon pour recevoir le Prix du m\u00e9rite sportif lausannois. \u00abQuel honneur! se r\u00e9jouit Catherine Maliev. Dire qu\u2019il s\u2019agit de la plus haute distinction attribu\u00e9e par Lausanne. Sa raret\u00e9 ajoute encore plus de prestige. Je trouve formidable de recevoir cet honneur en compagnie d\u2019Hiroshi Katanishi. Il le m\u00e9rite tellement. C\u2019est un personnage avec lequel j\u2019ai beaucoup d\u2019affinit\u00e9s. Plus jeune, j\u2019ai toujours voulu pratiquer le judo. Par la suite, j\u2019ai inscrit mes enfants au club. Se retrouver ici avec lui est un beau symbole.\u00bb Pour rappel, la plongeuse a remport\u00e9 30 titres nationaux. Deux fois s\u00e9lectionn\u00e9e olympique (8e place \u00e0 Sydney), elle a ensuite entra\u00een\u00e9 les jeunes du Lausanne Natation. Ma\u00eetre Katanishi se souvient bien de sa \u00abvoisine\u00bb. \u00abC\u2019est marrant de retrouver Catherine. Nos judokas avaient le m\u00eame \u00e2ge qu\u2019elle quand elle s\u2019entra\u00eenait. Ils se saluaient \u00e0 distance, les uns sur la planche et les autres depuis le dojo.\u00bb<\/p>\n<p>Lien sur l&rsquo;article complet : https:\/\/mobile2.24heures.ch\/articles\/5a1c7b12ab5c370e99000001<\/p>\n<p>Toutes nos f\u00e9licitations pour tout le travail accompli toutes ces ann\u00e9es. Le prix est amplement m\u00e9rit\u00e9\u00a0!<\/p>\n<p>Le Comit\u00e9.<\/p>\n","protected":false},"excerpt":{"rendered":"<p>Le Judo Kwai de Lausanne a l&rsquo;immense plaisir d&rsquo;annoncer un laur\u00e9at du Prix du m\u00e9rite sportif lausannois en la personne de Ma\u00eetre Hiroshi Katanishi. &nbsp; Extrait de l&rsquo;article du 24 Heures : &nbsp; Catherine Maliev et Hiroshi Katanishi, plongeon et judo Les deux entra\u00eeneurs ont partag\u00e9 le m\u00eame toit de Mon-Repos durant des d\u00e9cennies. Ironie [&hellip;]<\/p>\n","protected":false},"author":4,"featured_media":1359,"comment_status":"open","ping_status":"open","sticky":false,"template":"","format":"standard","meta":{"_et_pb_use_builder":"","_et_pb_old_content":"","_et_gb_content_width":"","footnotes":""},"categories":[21],"tags":[],"class_list":["post-3838","post","type-post","status-publish","format-standard","has-post-thumbnail","hentry","category-revue-de-presse"],"_links":{"self":[{"href":"https:\/\/www.judokwailausanne.ch\/index.php?rest_route=\/wp\/v2\/posts\/3838","targetHints":{"allow":["GET"]}}],"collection":[{"href":"https:\/\/www.judokwailausanne.ch\/index.php?rest_route=\/wp\/v2\/posts"}],"about":[{"href":"https:\/\/www.judokwailausanne.ch\/index.php?rest_route=\/wp\/v2\/types\/post"}],"author":[{"embeddable":true,"href":"https:\/\/www.judokwailausanne.ch\/index.php?rest_route=\/wp\/v2\/users\/4"}],"replies":[{"embeddable":true,"href":"https:\/\/www.judokwailausanne.ch\/index.php?rest_route=%2Fwp%2Fv2%2Fcomments&post=3838"}],"version-history":[{"count":2,"href":"https:\/\/www.judokwailausanne.ch\/index.php?rest_route=\/wp\/v2\/posts\/3838\/revisions"}],"predecessor-version":[{"id":19204,"href":"https:\/\/www.judokwailausanne.ch\/index.php?rest_route=\/wp\/v2\/posts\/3838\/revisions\/19204"}],"wp:featuredmedia":[{"embeddable":true,"href":"https:\/\/www.judokwailausanne.ch\/index.php?rest_route=\/wp\/v2\/media\/1359"}],"wp:attachment":[{"href":"https:\/\/www.judokwailausanne.ch\/index.php?rest_route=%2Fwp%2Fv2%2Fmedia&parent=3838"}],"wp:term":[{"taxonomy":"category","embeddable":true,"href":"https:\/\/www.judokwailausanne.ch\/index.php?rest_route=%2Fwp%2Fv2%2Fcategories&post=3838"},{"taxonomy":"post_tag","embeddable":true,"href":"https:\/\/www.judokwailausanne.ch\/index.php?rest_route=%2Fwp%2Fv2%2Ftags&post=3838"}],"curies":[{"name":"wp","href":"https:\/\/api.w.org\/{rel}","templated":true}]}}