{"id":4128,"date":"2018-01-21T20:57:59","date_gmt":"2018-01-21T19:57:59","guid":{"rendered":"http:\/\/www.judokwailausanne.ch\/?p=4128"},"modified":"2018-08-12T09:30:08","modified_gmt":"2018-08-12T07:30:08","slug":"agenda-2018-du-jkl-disponible-consultez-le","status":"publish","type":"post","link":"https:\/\/www.judokwailausanne.ch\/?p=4128","title":{"rendered":"Agenda 2018 du JKL disponible &#8211; consultez-le!"},"content":{"rendered":"<p>Cher Membres, chers Parents, chers combattants, chers Amis du JKL,<\/p>\n<p>L&rsquo;<a href=\"http:\/\/www.judokwailausanne.ch\/agenda\">AGENDA 2018<\/a> du JKL est maintenant disponible <a href=\"http:\/\/www.judokwailausanne.ch\/agenda\">ICI<\/a>.<\/p>\n<p>2018 sera une ann\u00e9e \u00e0 nouveau bien remplie. R\u00e9servez d\u00e8s \u00e0 pr\u00e9sent toutes les dates des \u00e9v\u00e9nements qui vous concernent.<\/p>\n<p>En bleu, vous y lirez tout ce qui concerne nos cat\u00e9gories \u00e9coliers, en rouge les dates pour les plus grands (espoirs, juniors, \u00e9lites).<\/p>\n<p>Les \u00e9v\u00e9nements organis\u00e9s par le JKL y tiennent un place de choix: le championnat vaudois \u00e0 Epalinges (3 et 4 mars), le tournoi d&rsquo;\u00e9t\u00e9 (1er juillet), le pic nic du club (1er septembre), le tournoi de No\u00ebl et son stage (8 et 9 d\u00e9cembre).<\/p>\n<p>Vive 2018 et vive le JKL!<\/p>\n","protected":false},"excerpt":{"rendered":"<p>Cher Membres, chers Parents, chers combattants, chers Amis du JKL, L&rsquo;AGENDA 2018 du JKL est maintenant disponible ICI. 2018 sera une ann\u00e9e \u00e0 nouveau bien remplie. R\u00e9servez d\u00e8s \u00e0 pr\u00e9sent toutes les dates des \u00e9v\u00e9nements qui vous concernent. En bleu, vous y lirez tout ce qui concerne nos cat\u00e9gories \u00e9coliers, en rouge les dates pour [&hellip;]<\/p>\n","protected":false},"author":6,"featured_media":1359,"comment_status":"open","ping_status":"open","sticky":false,"template":"","format":"standard","meta":{"_et_pb_use_builder":"","_et_pb_old_content":"","_et_gb_content_width":"","footnotes":""},"categories":[55],"tags":[],"class_list":["post-4128","post","type-post","status-publish","format-standard","has-post-thumbnail","hentry","category-vie-du-jkl"],"_links":{"self":[{"href":"https:\/\/www.judokwailausanne.ch\/index.php?rest_route=\/wp\/v2\/posts\/4128","targetHints":{"allow":["GET"]}}],"collection":[{"href":"https:\/\/www.judokwailausanne.ch\/index.php?rest_route=\/wp\/v2\/posts"}],"about":[{"href":"https:\/\/www.judokwailausanne.ch\/index.php?rest_route=\/wp\/v2\/types\/post"}],"author":[{"embeddable":true,"href":"https:\/\/www.judokwailausanne.ch\/index.php?rest_route=\/wp\/v2\/users\/6"}],"replies":[{"embeddable":true,"href":"https:\/\/www.judokwailausanne.ch\/index.php?rest_route=%2Fwp%2Fv2%2Fcomments&post=4128"}],"version-history":[{"count":2,"href":"https:\/\/www.judokwailausanne.ch\/index.php?rest_route=\/wp\/v2\/posts\/4128\/revisions"}],"predecessor-version":[{"id":4879,"href":"https:\/\/www.judokwailausanne.ch\/index.php?rest_route=\/wp\/v2\/posts\/4128\/revisions\/4879"}],"wp:featuredmedia":[{"embeddable":true,"href":"https:\/\/www.judokwailausanne.ch\/index.php?rest_route=\/wp\/v2\/media\/1359"}],"wp:attachment":[{"href":"https:\/\/www.judokwailausanne.ch\/index.php?rest_route=%2Fwp%2Fv2%2Fmedia&parent=4128"}],"wp:term":[{"taxonomy":"category","embeddable":true,"href":"https:\/\/www.judokwailausanne.ch\/index.php?rest_route=%2Fwp%2Fv2%2Fcategories&post=4128"},{"taxonomy":"post_tag","embeddable":true,"href":"https:\/\/www.judokwailausanne.ch\/index.php?rest_route=%2Fwp%2Fv2%2Ftags&post=4128"}],"curies":[{"name":"wp","href":"https:\/\/api.w.org\/{rel}","templated":true}]}}