{"id":4750,"date":"2018-01-14T17:56:36","date_gmt":"2018-01-14T16:56:36","guid":{"rendered":"http:\/\/www.judokwailausanne.ch\/?p=4112"},"modified":"2018-08-12T09:30:26","modified_gmt":"2018-08-12T07:30:26","slug":"assemblee-generale-2017-votre-presence-est-indispensable-2","status":"publish","type":"post","link":"https:\/\/www.judokwailausanne.ch\/?p=4750","title":{"rendered":"Assembl\u00e9e G\u00e9n\u00e9rale 2018  &#8211; votre pr\u00e9sence est indispensable"},"content":{"rendered":"<p><em>Cher(\u00e8re)s Membres, cher(\u00e8re)s Amis du Judo Kwai Lausanne,<\/em><\/p>\n<p><em>Le comit\u00e9 directeur du JKL, vous convie <strong>le <u>mardi 20 mars 2018<\/u>, \u00e0 19h45, pour l&rsquo;Assembl\u00e9e G\u00e9n\u00e9rale du club<\/strong>. Cette importante rencontre annuelle aura\u00a0lieu au dojo de Lausanne et aura pour but de vous renseigner au mieux sur l&rsquo;exercice pass\u00e9 (2017) tout en vous pr\u00e9sentant les objectifs fix\u00e9s pour 2018.\u00a0La partie conviviale qui cl\u00f4turera la r\u00e9union est une occasion unique d&rsquo;\u00e9changer librement et ouvertement sur le JKL.<\/em><\/p>\n<p><em>Nous vous communiquerons prochainement l&rsquo;agenda de cette Assembl\u00e9e ainsi que le proc\u00e8s-verbal de la pr\u00e9c\u00e9dente (2017).\u00a0Toute proposition individuelle devra \u00eatre faite par \u00e9crit (email &#8211; <\/em><a href=\"mailto:info@judokwailausanne.ch\"><em>info@judokwailausanne.ch<\/em><\/a><em>) et nous parvenir d\u2019ici au 08.03.2018. Aucune proposition au-del\u00e0 de cette date ne sera trait\u00e9e.<\/em><\/p>\n<p><em>Entre-temps, nous vous saurions gr\u00e9 d&rsquo;inscrire la date du 20 mars dans vos agendas car nous comptons sur une pr\u00e9sence nombreuse (pr\u00e9sence obligatoire pour tous les membres d\u00e8s leur 18\u00e8me ann\u00e9e).\u00a0Pour rappel, toute absence doit \u00eatre rapidement signal\u00e9e par \u00e9crit (email &#8211; <\/em><a href=\"mailto:info@judokwailausanne.ch\"><em>info@judokwailausanne.ch<\/em><\/a><em>).<\/em><\/p>\n<p><em>Au plaisir de vous rencontrer le mardi 20 mars.<\/em><\/p>\n<p><em>Avec nos salutations sportives,<\/em><\/p>\n<p><em>Votre comit\u00e9 directeur.<\/em><\/p>\n","protected":false},"excerpt":{"rendered":"<p>Cher(\u00e8re)s Membres, cher(\u00e8re)s Amis du Judo Kwai Lausanne, Le comit\u00e9 directeur du JKL, vous convie le mardi 20 mars 2018, \u00e0 19h45, pour l&rsquo;Assembl\u00e9e G\u00e9n\u00e9rale du club. Cette importante rencontre annuelle aura\u00a0lieu au dojo de Lausanne et aura pour but de vous renseigner au mieux sur l&rsquo;exercice pass\u00e9 (2017) tout en vous pr\u00e9sentant les objectifs [&hellip;]<\/p>\n","protected":false},"author":4,"featured_media":1359,"comment_status":"open","ping_status":"open","sticky":false,"template":"","format":"standard","meta":{"_et_pb_use_builder":"","_et_pb_old_content":"","_et_gb_content_width":"","footnotes":""},"categories":[55],"tags":[],"class_list":["post-4750","post","type-post","status-publish","format-standard","has-post-thumbnail","hentry","category-vie-du-jkl"],"_links":{"self":[{"href":"https:\/\/www.judokwailausanne.ch\/index.php?rest_route=\/wp\/v2\/posts\/4750","targetHints":{"allow":["GET"]}}],"collection":[{"href":"https:\/\/www.judokwailausanne.ch\/index.php?rest_route=\/wp\/v2\/posts"}],"about":[{"href":"https:\/\/www.judokwailausanne.ch\/index.php?rest_route=\/wp\/v2\/types\/post"}],"author":[{"embeddable":true,"href":"https:\/\/www.judokwailausanne.ch\/index.php?rest_route=\/wp\/v2\/users\/4"}],"replies":[{"embeddable":true,"href":"https:\/\/www.judokwailausanne.ch\/index.php?rest_route=%2Fwp%2Fv2%2Fcomments&post=4750"}],"version-history":[{"count":1,"href":"https:\/\/www.judokwailausanne.ch\/index.php?rest_route=\/wp\/v2\/posts\/4750\/revisions"}],"predecessor-version":[{"id":4764,"href":"https:\/\/www.judokwailausanne.ch\/index.php?rest_route=\/wp\/v2\/posts\/4750\/revisions\/4764"}],"wp:featuredmedia":[{"embeddable":true,"href":"https:\/\/www.judokwailausanne.ch\/index.php?rest_route=\/wp\/v2\/media\/1359"}],"wp:attachment":[{"href":"https:\/\/www.judokwailausanne.ch\/index.php?rest_route=%2Fwp%2Fv2%2Fmedia&parent=4750"}],"wp:term":[{"taxonomy":"category","embeddable":true,"href":"https:\/\/www.judokwailausanne.ch\/index.php?rest_route=%2Fwp%2Fv2%2Fcategories&post=4750"},{"taxonomy":"post_tag","embeddable":true,"href":"https:\/\/www.judokwailausanne.ch\/index.php?rest_route=%2Fwp%2Fv2%2Ftags&post=4750"}],"curies":[{"name":"wp","href":"https:\/\/api.w.org\/{rel}","templated":true}]}}