{"id":7555,"date":"2018-07-01T15:24:55","date_gmt":"2018-07-01T13:24:55","guid":{"rendered":"https:\/\/www.judokwailausanne.ch\/?p=7555"},"modified":"2018-08-13T23:19:58","modified_gmt":"2018-08-13T21:19:58","slug":"1er-tournoi-dete-2","status":"publish","type":"post","link":"https:\/\/www.judokwailausanne.ch\/?p=7555","title":{"rendered":"2\u00e8me Tournoi d&rsquo;\u00e9t\u00e9"},"content":{"rendered":"<p>La deuxi\u00e8me \u00e9dition du tournoi d&rsquo;\u00e9t\u00e9 pour \u00e9coliers au JKL est un tr\u00e8s bon cru.<\/p>\n<p><!--more--><br \/>\nNotre Dojo surchauff\u00e9 a connu de nouveau une belle affluence et de magnifiques combats.<br \/>\nLes photos sont en cours de d\u00e9veloppement.<\/p>\n<p>Bravo \u00e0 tous et \u00e0 l&rsquo;ann\u00e9e prochaine !!!<\/p>\n<p><a href=\"https:\/\/www.judokwailausanne.ch\/cmsv3\/wp-content\/uploads\/2018\/07\/c9b0f848-a75c-43a1-b9d8-e5ba2e80a81b.jpg\" target=\"_blank\" rel=\"noopener\"><img fetchpriority=\"high\" fetchpriority=\"high\" decoding=\"async\" class=\"aligncenter wp-image-7556 size-medium\" src=\"https:\/\/www.judokwailausanne.ch\/cmsv3\/wp-content\/uploads\/2018\/07\/c9b0f848-a75c-43a1-b9d8-e5ba2e80a81b-300x169.jpg\" alt=\"\" width=\"300\" height=\"169\" srcset=\"https:\/\/www.judokwailausanne.ch\/cmsv3\/wp-content\/uploads\/2018\/07\/c9b0f848-a75c-43a1-b9d8-e5ba2e80a81b-300x169.jpg 300w, https:\/\/www.judokwailausanne.ch\/cmsv3\/wp-content\/uploads\/2018\/07\/c9b0f848-a75c-43a1-b9d8-e5ba2e80a81b-768x432.jpg 768w, https:\/\/www.judokwailausanne.ch\/cmsv3\/wp-content\/uploads\/2018\/07\/c9b0f848-a75c-43a1-b9d8-e5ba2e80a81b-1024x576.jpg 1024w, https:\/\/www.judokwailausanne.ch\/cmsv3\/wp-content\/uploads\/2018\/07\/c9b0f848-a75c-43a1-b9d8-e5ba2e80a81b-1320x743.jpg 1320w, https:\/\/www.judokwailausanne.ch\/cmsv3\/wp-content\/uploads\/2018\/07\/c9b0f848-a75c-43a1-b9d8-e5ba2e80a81b.jpg 1600w\" sizes=\"(max-width: 300px) 100vw, 300px\" \/><\/a><\/p>\n","protected":false},"excerpt":{"rendered":"<p>La deuxi\u00e8me \u00e9dition du tournoi d&rsquo;\u00e9t\u00e9 pour \u00e9coliers au JKL est un tr\u00e8s bon cru.<\/p>\n","protected":false},"author":3,"featured_media":4310,"comment_status":"open","ping_status":"open","sticky":false,"template":"","format":"standard","meta":{"_et_pb_use_builder":"","_et_pb_old_content":"","_et_gb_content_width":"","footnotes":""},"categories":[63,48,24],"tags":[],"class_list":["post-7555","post","type-post","status-publish","format-standard","has-post-thumbnail","hentry","category-competition","category-judo","category-tournoi-enfant"],"_links":{"self":[{"href":"https:\/\/www.judokwailausanne.ch\/index.php?rest_route=\/wp\/v2\/posts\/7555","targetHints":{"allow":["GET"]}}],"collection":[{"href":"https:\/\/www.judokwailausanne.ch\/index.php?rest_route=\/wp\/v2\/posts"}],"about":[{"href":"https:\/\/www.judokwailausanne.ch\/index.php?rest_route=\/wp\/v2\/types\/post"}],"author":[{"embeddable":true,"href":"https:\/\/www.judokwailausanne.ch\/index.php?rest_route=\/wp\/v2\/users\/3"}],"replies":[{"embeddable":true,"href":"https:\/\/www.judokwailausanne.ch\/index.php?rest_route=%2Fwp%2Fv2%2Fcomments&post=7555"}],"version-history":[{"count":2,"href":"https:\/\/www.judokwailausanne.ch\/index.php?rest_route=\/wp\/v2\/posts\/7555\/revisions"}],"predecessor-version":[{"id":7558,"href":"https:\/\/www.judokwailausanne.ch\/index.php?rest_route=\/wp\/v2\/posts\/7555\/revisions\/7558"}],"wp:featuredmedia":[{"embeddable":true,"href":"https:\/\/www.judokwailausanne.ch\/index.php?rest_route=\/wp\/v2\/media\/4310"}],"wp:attachment":[{"href":"https:\/\/www.judokwailausanne.ch\/index.php?rest_route=%2Fwp%2Fv2%2Fmedia&parent=7555"}],"wp:term":[{"taxonomy":"category","embeddable":true,"href":"https:\/\/www.judokwailausanne.ch\/index.php?rest_route=%2Fwp%2Fv2%2Fcategories&post=7555"},{"taxonomy":"post_tag","embeddable":true,"href":"https:\/\/www.judokwailausanne.ch\/index.php?rest_route=%2Fwp%2Fv2%2Ftags&post=7555"}],"curies":[{"name":"wp","href":"https:\/\/api.w.org\/{rel}","templated":true}]}}