{"id":9656,"date":"2018-10-27T15:51:40","date_gmt":"2018-10-27T13:51:40","guid":{"rendered":"https:\/\/www.judokwailausanne.ch\/?p=9656"},"modified":"2018-11-12T08:45:20","modified_gmt":"2018-11-12T07:45:20","slug":"nouveaux-1er-dan-ju-jitsu-3","status":"publish","type":"post","link":"https:\/\/www.judokwailausanne.ch\/?p=9656","title":{"rendered":"Nouveau 2\u00e8me DAN Ju-Jitsu"},"content":{"rendered":"<p>Bravo \u00e0 Go qui a obtenu le 2\u00e8me Dan de jiu-jitsu ce\u00a027 octobre 2018 \u00e0 M\u00e4nnedorf.<\/p>\n<p><!--more--><br \/>\n<a href=\"https:\/\/www.judokwailausanne.ch\/cmsv3\/wp-content\/uploads\/2018\/10\/go1.jpg\" target=\"_blank\" rel=\"noopener\"><img decoding=\"async\" class=\"alignnone wp-image-9657 size-medium\" src=\"https:\/\/www.judokwailausanne.ch\/cmsv3\/wp-content\/uploads\/2018\/10\/go1-146x300.jpg\" alt=\"\" width=\"146\" height=\"300\" srcset=\"https:\/\/www.judokwailausanne.ch\/cmsv3\/wp-content\/uploads\/2018\/10\/go1-146x300.jpg 146w, https:\/\/www.judokwailausanne.ch\/cmsv3\/wp-content\/uploads\/2018\/10\/go1-768x1581.jpg 768w, https:\/\/www.judokwailausanne.ch\/cmsv3\/wp-content\/uploads\/2018\/10\/go1-497x1024.jpg 497w, https:\/\/www.judokwailausanne.ch\/cmsv3\/wp-content\/uploads\/2018\/10\/go1.jpg 777w\" sizes=\"(max-width: 146px) 100vw, 146px\" \/><\/a><a href=\"https:\/\/www.judokwailausanne.ch\/cmsv3\/wp-content\/uploads\/2018\/10\/go3.jpg\" target=\"_blank\" rel=\"noopener\"><img decoding=\"async\" class=\"alignnone wp-image-9659 size-medium\" src=\"https:\/\/www.judokwailausanne.ch\/cmsv3\/wp-content\/uploads\/2018\/10\/go3-146x300.jpg\" alt=\"\" width=\"146\" height=\"300\" srcset=\"https:\/\/www.judokwailausanne.ch\/cmsv3\/wp-content\/uploads\/2018\/10\/go3-146x300.jpg 146w, https:\/\/www.judokwailausanne.ch\/cmsv3\/wp-content\/uploads\/2018\/10\/go3-768x1581.jpg 768w, https:\/\/www.judokwailausanne.ch\/cmsv3\/wp-content\/uploads\/2018\/10\/go3-497x1024.jpg 497w, https:\/\/www.judokwailausanne.ch\/cmsv3\/wp-content\/uploads\/2018\/10\/go3.jpg 777w\" sizes=\"(max-width: 146px) 100vw, 146px\" \/><\/a><a href=\"https:\/\/www.judokwailausanne.ch\/cmsv3\/wp-content\/uploads\/2018\/10\/go2.jpg\" target=\"_blank\" rel=\"noopener\"><img fetchpriority=\"high\" fetchpriority=\"high\" decoding=\"async\" class=\"alignnone wp-image-9658 size-medium\" src=\"https:\/\/www.judokwailausanne.ch\/cmsv3\/wp-content\/uploads\/2018\/10\/go2-300x250.jpg\" alt=\"\" width=\"300\" height=\"250\" srcset=\"https:\/\/www.judokwailausanne.ch\/cmsv3\/wp-content\/uploads\/2018\/10\/go2-300x250.jpg 300w, https:\/\/www.judokwailausanne.ch\/cmsv3\/wp-content\/uploads\/2018\/10\/go2-768x641.jpg 768w, https:\/\/www.judokwailausanne.ch\/cmsv3\/wp-content\/uploads\/2018\/10\/go2-1024x854.jpg 1024w, https:\/\/www.judokwailausanne.ch\/cmsv3\/wp-content\/uploads\/2018\/10\/go2-1320x1101.jpg 1320w, https:\/\/www.judokwailausanne.ch\/cmsv3\/wp-content\/uploads\/2018\/10\/go2.jpg 1600w\" sizes=\"(max-width: 300px) 100vw, 300px\" \/><\/a><\/p>\n<p>Toutes nos f\u00e9licitations !<\/p>\n","protected":false},"excerpt":{"rendered":"<p>Bravo \u00e0 Go qui a obtenu le 2\u00e8me Dan de jiu-jitsu ce\u00a027 octobre 2018 \u00e0 M\u00e4nnedorf.<\/p>\n","protected":false},"author":3,"featured_media":9658,"comment_status":"open","ping_status":"open","sticky":false,"template":"","format":"standard","meta":{"_et_pb_use_builder":"","_et_pb_old_content":"","_et_gb_content_width":"","footnotes":""},"categories":[19,33],"tags":[],"class_list":["post-9656","post","type-post","status-publish","format-standard","has-post-thumbnail","hentry","category-examens","category-ju-jitsu"],"_links":{"self":[{"href":"https:\/\/www.judokwailausanne.ch\/index.php?rest_route=\/wp\/v2\/posts\/9656","targetHints":{"allow":["GET"]}}],"collection":[{"href":"https:\/\/www.judokwailausanne.ch\/index.php?rest_route=\/wp\/v2\/posts"}],"about":[{"href":"https:\/\/www.judokwailausanne.ch\/index.php?rest_route=\/wp\/v2\/types\/post"}],"author":[{"embeddable":true,"href":"https:\/\/www.judokwailausanne.ch\/index.php?rest_route=\/wp\/v2\/users\/3"}],"replies":[{"embeddable":true,"href":"https:\/\/www.judokwailausanne.ch\/index.php?rest_route=%2Fwp%2Fv2%2Fcomments&post=9656"}],"version-history":[{"count":3,"href":"https:\/\/www.judokwailausanne.ch\/index.php?rest_route=\/wp\/v2\/posts\/9656\/revisions"}],"predecessor-version":[{"id":9666,"href":"https:\/\/www.judokwailausanne.ch\/index.php?rest_route=\/wp\/v2\/posts\/9656\/revisions\/9666"}],"wp:featuredmedia":[{"embeddable":true,"href":"https:\/\/www.judokwailausanne.ch\/index.php?rest_route=\/wp\/v2\/media\/9658"}],"wp:attachment":[{"href":"https:\/\/www.judokwailausanne.ch\/index.php?rest_route=%2Fwp%2Fv2%2Fmedia&parent=9656"}],"wp:term":[{"taxonomy":"category","embeddable":true,"href":"https:\/\/www.judokwailausanne.ch\/index.php?rest_route=%2Fwp%2Fv2%2Fcategories&post=9656"},{"taxonomy":"post_tag","embeddable":true,"href":"https:\/\/www.judokwailausanne.ch\/index.php?rest_route=%2Fwp%2Fv2%2Ftags&post=9656"}],"curies":[{"name":"wp","href":"https:\/\/api.w.org\/{rel}","templated":true}]}}