{"id":9700,"date":"2018-11-04T21:38:31","date_gmt":"2018-11-04T20:38:31","guid":{"rendered":"https:\/\/www.judokwailausanne.ch\/?p=9700"},"modified":"2018-11-10T14:21:33","modified_gmt":"2018-11-10T13:21:33","slug":"resultats-du-tournoi-de-printemps-et-du-championnat-vaudois-2018-2-2","status":"publish","type":"post","link":"https:\/\/www.judokwailausanne.ch\/?p=9700","title":{"rendered":"Photos du championnat \u00e9coliers par \u00e9quipe 2018"},"content":{"rendered":"<p>Avec des combattants engag\u00e9s au tournoi international de Bergame et quelques malades (bon, c&rsquo;est de saison), notre \u00e9quipe d&rsquo;\u00e9coliers A (les grands) c&rsquo;est tout de m\u00eame pr\u00e9sent\u00e9e au championnat vaudois par \u00e9quipe.<\/p>\n<p>Avec deux cat\u00e9gories repr\u00e9sent\u00e9es sur les cinq qui composent une \u00e9quipe, ont avait pas le choix, il nous fallait gagner tous nos combats.<\/p>\n<p>N&rsquo;ayant personne en -40kg et -45kg, on a donc laiss\u00e9 4 points facile aux adversaires. En -50kg, Kenzo et Pamphil ont assur\u00e9 le job comme on dit, bravo! En -55kg m\u00eame r\u00e9ussite avec alternativement Noa, T\u00e9o et \u00d6rjan. Super boulot de leur part! Arrive maintenant la cat\u00e9gorie des +55kg, avec en face des combattant(e)s qui pesaient entre 66kg et 94kg (!). \u00d6rjan et T\u00e9o ont assur\u00e9 les quatre combats en alternance avec une motivation incroyable. Malgr\u00e9 leur 52kg tout mouill\u00e9, ils ont tenu t\u00eate \u00e0 leur adversaire. \u00c7a c&rsquo;est toujours jou\u00e9 sur le fil.<\/p>\n<p>Le JKl termine ainsi avec 3 d\u00e9faites juste-juste (4-6 \u00e0 chaque fois) et un nul (5-5).<\/p>\n<p>&nbsp;<\/p>\n<p>Bravo \u00e0 toutes et tous!<\/p>\n<p><!--more--><br \/>\n<a href=\"https:\/\/www.judokwailausanne.ch\/cmsv3\/wp-content\/uploads\/2018\/11\/72fa68ac-7b47-44fe-8510-3be767c4b52c.jpg\" target=\"_blank\" rel=\"noopener\"><img decoding=\"async\" class=\"aligncenter wp-image-9702 size-medium\" src=\"https:\/\/www.judokwailausanne.ch\/cmsv3\/wp-content\/uploads\/2018\/11\/72fa68ac-7b47-44fe-8510-3be767c4b52c-146x300.jpg\" alt=\"\" width=\"146\" height=\"300\" srcset=\"https:\/\/www.judokwailausanne.ch\/cmsv3\/wp-content\/uploads\/2018\/11\/72fa68ac-7b47-44fe-8510-3be767c4b52c-146x300.jpg 146w, https:\/\/www.judokwailausanne.ch\/cmsv3\/wp-content\/uploads\/2018\/11\/72fa68ac-7b47-44fe-8510-3be767c4b52c-768x1581.jpg 768w, https:\/\/www.judokwailausanne.ch\/cmsv3\/wp-content\/uploads\/2018\/11\/72fa68ac-7b47-44fe-8510-3be767c4b52c-497x1024.jpg 497w, https:\/\/www.judokwailausanne.ch\/cmsv3\/wp-content\/uploads\/2018\/11\/72fa68ac-7b47-44fe-8510-3be767c4b52c.jpg 777w\" sizes=\"(max-width: 146px) 100vw, 146px\" \/><\/a><\/p>\n<p><a href=\"https:\/\/www.judokwailausanne.ch\/cmsv3\/wp-content\/uploads\/2018\/11\/5e67e609-e1c5-463e-8684-e9e1ddfc2437.jpg\" target=\"_blank\" rel=\"noopener\"><img decoding=\"async\" class=\"aligncenter wp-image-9703 size-medium\" src=\"https:\/\/www.judokwailausanne.ch\/cmsv3\/wp-content\/uploads\/2018\/11\/5e67e609-e1c5-463e-8684-e9e1ddfc2437-300x146.jpg\" alt=\"\" width=\"300\" height=\"146\" srcset=\"https:\/\/www.judokwailausanne.ch\/cmsv3\/wp-content\/uploads\/2018\/11\/5e67e609-e1c5-463e-8684-e9e1ddfc2437-300x146.jpg 300w, https:\/\/www.judokwailausanne.ch\/cmsv3\/wp-content\/uploads\/2018\/11\/5e67e609-e1c5-463e-8684-e9e1ddfc2437-768x373.jpg 768w, https:\/\/www.judokwailausanne.ch\/cmsv3\/wp-content\/uploads\/2018\/11\/5e67e609-e1c5-463e-8684-e9e1ddfc2437-1024x497.jpg 1024w, https:\/\/www.judokwailausanne.ch\/cmsv3\/wp-content\/uploads\/2018\/11\/5e67e609-e1c5-463e-8684-e9e1ddfc2437-1320x641.jpg 1320w, https:\/\/www.judokwailausanne.ch\/cmsv3\/wp-content\/uploads\/2018\/11\/5e67e609-e1c5-463e-8684-e9e1ddfc2437.jpg 1600w\" sizes=\"(max-width: 300px) 100vw, 300px\" \/><\/a><\/p>\n","protected":false},"excerpt":{"rendered":"<p>Avec des combattants engag\u00e9s au tournoi international de Bergame et quelques malades (bon, c&rsquo;est de saison), notre \u00e9quipe d&rsquo;\u00e9coliers A (les grands) c&rsquo;est tout de m\u00eame pr\u00e9sent\u00e9e au championnat vaudois par \u00e9quipe. Avec deux cat\u00e9gories repr\u00e9sent\u00e9es sur les cinq qui composent une \u00e9quipe, ont avait pas le choix, il nous fallait gagner tous nos combats. [&hellip;]<\/p>\n","protected":false},"author":6,"featured_media":9703,"comment_status":"open","ping_status":"open","sticky":false,"template":"","format":"standard","meta":{"_et_pb_use_builder":"","_et_pb_old_content":"","_et_gb_content_width":"","footnotes":""},"categories":[63,22,48],"tags":[],"class_list":["post-9700","post","type-post","status-publish","format-standard","has-post-thumbnail","hentry","category-competition","category-equipe-competition","category-judo"],"_links":{"self":[{"href":"https:\/\/www.judokwailausanne.ch\/index.php?rest_route=\/wp\/v2\/posts\/9700","targetHints":{"allow":["GET"]}}],"collection":[{"href":"https:\/\/www.judokwailausanne.ch\/index.php?rest_route=\/wp\/v2\/posts"}],"about":[{"href":"https:\/\/www.judokwailausanne.ch\/index.php?rest_route=\/wp\/v2\/types\/post"}],"author":[{"embeddable":true,"href":"https:\/\/www.judokwailausanne.ch\/index.php?rest_route=\/wp\/v2\/users\/6"}],"replies":[{"embeddable":true,"href":"https:\/\/www.judokwailausanne.ch\/index.php?rest_route=%2Fwp%2Fv2%2Fcomments&post=9700"}],"version-history":[{"count":4,"href":"https:\/\/www.judokwailausanne.ch\/index.php?rest_route=\/wp\/v2\/posts\/9700\/revisions"}],"predecessor-version":[{"id":9724,"href":"https:\/\/www.judokwailausanne.ch\/index.php?rest_route=\/wp\/v2\/posts\/9700\/revisions\/9724"}],"wp:featuredmedia":[{"embeddable":true,"href":"https:\/\/www.judokwailausanne.ch\/index.php?rest_route=\/wp\/v2\/media\/9703"}],"wp:attachment":[{"href":"https:\/\/www.judokwailausanne.ch\/index.php?rest_route=%2Fwp%2Fv2%2Fmedia&parent=9700"}],"wp:term":[{"taxonomy":"category","embeddable":true,"href":"https:\/\/www.judokwailausanne.ch\/index.php?rest_route=%2Fwp%2Fv2%2Fcategories&post=9700"},{"taxonomy":"post_tag","embeddable":true,"href":"https:\/\/www.judokwailausanne.ch\/index.php?rest_route=%2Fwp%2Fv2%2Ftags&post=9700"}],"curies":[{"name":"wp","href":"https:\/\/api.w.org\/{rel}","templated":true}]}}