{"id":9930,"date":"2018-12-09T20:23:04","date_gmt":"2018-12-09T19:23:04","guid":{"rendered":"https:\/\/www.judokwailausanne.ch\/?p=9930"},"modified":"2019-01-04T23:21:26","modified_gmt":"2019-01-04T22:21:26","slug":"1er-tournoi-ne-waza-jkl-4","status":"publish","type":"post","link":"https:\/\/www.judokwailausanne.ch\/?p=9930","title":{"rendered":"Tournoi JKL"},"content":{"rendered":"<p>Superbe ambiance au tournoi interne de JKL \u00e0 la suite du tournoi des enfants.<\/p>\n<p>Voici les r\u00e9sultats:<\/p>\n<ol>\n<li>Tatsuto Shima<\/li>\n<li>Marco Citti<\/li>\n<li>Julien Farinelli &amp; Guillaume Schafroth<\/li>\n<\/ol>\n<p><a href=\"https:\/\/www.judokwailausanne.ch\/cmsv3\/wp-content\/uploads\/2018\/12\/C59A8313-7504-44CE-925D-FBFFF228EFE7.jpg\" target=\"_blank\" rel=\"noopener\"><img fetchpriority=\"high\" fetchpriority=\"high\" decoding=\"async\" class=\"alignnone wp-image-9931 size-medium\" src=\"https:\/\/www.judokwailausanne.ch\/cmsv3\/wp-content\/uploads\/2018\/12\/C59A8313-7504-44CE-925D-FBFFF228EFE7-300x169.jpg\" alt=\"\" width=\"300\" height=\"169\" srcset=\"https:\/\/www.judokwailausanne.ch\/cmsv3\/wp-content\/uploads\/2018\/12\/C59A8313-7504-44CE-925D-FBFFF228EFE7-300x169.jpg 300w, https:\/\/www.judokwailausanne.ch\/cmsv3\/wp-content\/uploads\/2018\/12\/C59A8313-7504-44CE-925D-FBFFF228EFE7-768x432.jpg 768w, https:\/\/www.judokwailausanne.ch\/cmsv3\/wp-content\/uploads\/2018\/12\/C59A8313-7504-44CE-925D-FBFFF228EFE7-1024x576.jpg 1024w, https:\/\/www.judokwailausanne.ch\/cmsv3\/wp-content\/uploads\/2018\/12\/C59A8313-7504-44CE-925D-FBFFF228EFE7-1320x743.jpg 1320w\" sizes=\"(max-width: 300px) 100vw, 300px\" \/><\/a><\/p>\n<p><a href=\"https:\/\/www.judokwailausanne.ch\/cmsv3\/wp-content\/uploads\/2018\/12\/CA45598D-4ABA-4F65-85B1-329CCC8048C7.jpg\" target=\"_blank\" rel=\"noopener\"><img decoding=\"async\" class=\"alignnone size-medium wp-image-9932\" src=\"https:\/\/www.judokwailausanne.ch\/cmsv3\/wp-content\/uploads\/2018\/12\/CA45598D-4ABA-4F65-85B1-329CCC8048C7-300x169.jpg\" alt=\"\" width=\"300\" height=\"169\" srcset=\"https:\/\/www.judokwailausanne.ch\/cmsv3\/wp-content\/uploads\/2018\/12\/CA45598D-4ABA-4F65-85B1-329CCC8048C7-300x169.jpg 300w, https:\/\/www.judokwailausanne.ch\/cmsv3\/wp-content\/uploads\/2018\/12\/CA45598D-4ABA-4F65-85B1-329CCC8048C7-768x432.jpg 768w, https:\/\/www.judokwailausanne.ch\/cmsv3\/wp-content\/uploads\/2018\/12\/CA45598D-4ABA-4F65-85B1-329CCC8048C7-1024x576.jpg 1024w, https:\/\/www.judokwailausanne.ch\/cmsv3\/wp-content\/uploads\/2018\/12\/CA45598D-4ABA-4F65-85B1-329CCC8048C7-1320x743.jpg 1320w\" sizes=\"(max-width: 300px) 100vw, 300px\" \/><\/a><\/p>\n<p><a href=\"https:\/\/www.judokwailausanne.ch\/cmsv3\/wp-content\/uploads\/2018\/12\/E4F2CBCD-5613-499D-91A2-75994687F039.jpg\" target=\"_blank\" rel=\"noopener\"><img decoding=\"async\" class=\"alignnone size-medium wp-image-9933\" src=\"https:\/\/www.judokwailausanne.ch\/cmsv3\/wp-content\/uploads\/2018\/12\/E4F2CBCD-5613-499D-91A2-75994687F039-300x169.jpg\" alt=\"\" width=\"300\" height=\"169\" srcset=\"https:\/\/www.judokwailausanne.ch\/cmsv3\/wp-content\/uploads\/2018\/12\/E4F2CBCD-5613-499D-91A2-75994687F039-300x169.jpg 300w, https:\/\/www.judokwailausanne.ch\/cmsv3\/wp-content\/uploads\/2018\/12\/E4F2CBCD-5613-499D-91A2-75994687F039-768x432.jpg 768w, https:\/\/www.judokwailausanne.ch\/cmsv3\/wp-content\/uploads\/2018\/12\/E4F2CBCD-5613-499D-91A2-75994687F039-1024x576.jpg 1024w, https:\/\/www.judokwailausanne.ch\/cmsv3\/wp-content\/uploads\/2018\/12\/E4F2CBCD-5613-499D-91A2-75994687F039-1320x743.jpg 1320w\" sizes=\"(max-width: 300px) 100vw, 300px\" \/><\/a><\/p>\n<p><a href=\"https:\/\/www.judokwailausanne.ch\/cmsv3\/wp-content\/uploads\/2018\/12\/F79C7955-975A-41B0-AD6A-0A68C2A1E1BD.jpg\" target=\"_blank\" rel=\"noopener\"><img loading=\"lazy\" loading=\"lazy\" decoding=\"async\" class=\"alignnone size-medium wp-image-9934\" src=\"https:\/\/www.judokwailausanne.ch\/cmsv3\/wp-content\/uploads\/2018\/12\/F79C7955-975A-41B0-AD6A-0A68C2A1E1BD-300x169.jpg\" alt=\"\" width=\"300\" height=\"169\" srcset=\"https:\/\/www.judokwailausanne.ch\/cmsv3\/wp-content\/uploads\/2018\/12\/F79C7955-975A-41B0-AD6A-0A68C2A1E1BD-300x169.jpg 300w, https:\/\/www.judokwailausanne.ch\/cmsv3\/wp-content\/uploads\/2018\/12\/F79C7955-975A-41B0-AD6A-0A68C2A1E1BD-768x432.jpg 768w, https:\/\/www.judokwailausanne.ch\/cmsv3\/wp-content\/uploads\/2018\/12\/F79C7955-975A-41B0-AD6A-0A68C2A1E1BD-1024x576.jpg 1024w, https:\/\/www.judokwailausanne.ch\/cmsv3\/wp-content\/uploads\/2018\/12\/F79C7955-975A-41B0-AD6A-0A68C2A1E1BD-1320x743.jpg 1320w\" sizes=\"(max-width: 300px) 100vw, 300px\" \/><\/a><\/p>\n<p><a href=\"https:\/\/www.judokwailausanne.ch\/cmsv3\/wp-content\/uploads\/2018\/12\/27693A6C-CD8F-418E-9142-B99D13C95698.jpg\" target=\"_blank\" rel=\"noopener\"><img loading=\"lazy\" loading=\"lazy\" decoding=\"async\" class=\"alignnone size-medium wp-image-9935\" src=\"https:\/\/www.judokwailausanne.ch\/cmsv3\/wp-content\/uploads\/2018\/12\/27693A6C-CD8F-418E-9142-B99D13C95698-169x300.jpg\" alt=\"\" width=\"169\" height=\"300\" srcset=\"https:\/\/www.judokwailausanne.ch\/cmsv3\/wp-content\/uploads\/2018\/12\/27693A6C-CD8F-418E-9142-B99D13C95698-169x300.jpg 169w, https:\/\/www.judokwailausanne.ch\/cmsv3\/wp-content\/uploads\/2018\/12\/27693A6C-CD8F-418E-9142-B99D13C95698-768x1365.jpg 768w, https:\/\/www.judokwailausanne.ch\/cmsv3\/wp-content\/uploads\/2018\/12\/27693A6C-CD8F-418E-9142-B99D13C95698-576x1024.jpg 576w, https:\/\/www.judokwailausanne.ch\/cmsv3\/wp-content\/uploads\/2018\/12\/27693A6C-CD8F-418E-9142-B99D13C95698-1320x2345.jpg 1320w\" sizes=\"(max-width: 169px) 100vw, 169px\" \/><\/a><\/p>\n<p><!--more--><\/p>\n<p>L&rsquo;organisation du tournoi revient <a href=\"http:\/\/club100.judokwailausanne.ch\/\">au Club100<\/a>.<\/p>\n<p>Photos: <a href=\"https:\/\/goo.gl\/photos\/tdZxfvyxa5cMm9oQA\" target=\"_blank\" rel=\"noopener noreferrer\">https:\/\/goo.gl\/photos\/tdZxfvyxa5cMm9oQA<\/a><\/p>\n<p>&nbsp;<\/p>\n<p><a href=\"http:\/\/www.judokwailausanne.ch\/cmsv3\/wp-content\/uploads\/2017\/06\/tournoi-newaza1.jpg\" target=\"_blank\" rel=\"noopener noreferrer\"><img loading=\"lazy\" loading=\"lazy\" decoding=\"async\" class=\"aligncenter size-medium wp-image-3528\" src=\"http:\/\/www.judokwailausanne.ch\/cmsv3\/wp-content\/uploads\/2017\/06\/tournoi-newaza1-169x300.jpg\" alt=\"\" width=\"169\" height=\"300\" \/><\/a><a href=\"http:\/\/www.judokwailausanne.ch\/cmsv3\/wp-content\/uploads\/2017\/06\/tournoi-newaza2.jpg\" target=\"_blank\" rel=\"noopener noreferrer\"><img loading=\"lazy\" loading=\"lazy\" decoding=\"async\" class=\"aligncenter size-medium wp-image-3530\" src=\"http:\/\/www.judokwailausanne.ch\/cmsv3\/wp-content\/uploads\/2017\/06\/tournoi-newaza2-300x190.jpg\" alt=\"\" width=\"300\" height=\"190\" \/><\/a><\/p>\n<p>Bravo \u00e0 tous et \u00e0 l&rsquo;ann\u00e9e prochaine !!!<\/p>\n","protected":false},"excerpt":{"rendered":"<p>Superbe ambiance au tournoi interne de JKL \u00e0 la suite du tournoi des enfants. Voici les r\u00e9sultats: Tatsuto Shima Marco Citti Julien Farinelli &amp; Guillaume Schafroth<\/p>\n","protected":false},"author":3,"featured_media":4974,"comment_status":"open","ping_status":"open","sticky":false,"template":"","format":"standard","meta":{"_et_pb_use_builder":"","_et_pb_old_content":"","_et_gb_content_width":"","footnotes":""},"categories":[48,67],"tags":[],"class_list":["post-9930","post","type-post","status-publish","format-standard","has-post-thumbnail","hentry","category-judo","category-walldisplay"],"_links":{"self":[{"href":"https:\/\/www.judokwailausanne.ch\/index.php?rest_route=\/wp\/v2\/posts\/9930","targetHints":{"allow":["GET"]}}],"collection":[{"href":"https:\/\/www.judokwailausanne.ch\/index.php?rest_route=\/wp\/v2\/posts"}],"about":[{"href":"https:\/\/www.judokwailausanne.ch\/index.php?rest_route=\/wp\/v2\/types\/post"}],"author":[{"embeddable":true,"href":"https:\/\/www.judokwailausanne.ch\/index.php?rest_route=\/wp\/v2\/users\/3"}],"replies":[{"embeddable":true,"href":"https:\/\/www.judokwailausanne.ch\/index.php?rest_route=%2Fwp%2Fv2%2Fcomments&post=9930"}],"version-history":[{"count":2,"href":"https:\/\/www.judokwailausanne.ch\/index.php?rest_route=\/wp\/v2\/posts\/9930\/revisions"}],"predecessor-version":[{"id":9937,"href":"https:\/\/www.judokwailausanne.ch\/index.php?rest_route=\/wp\/v2\/posts\/9930\/revisions\/9937"}],"wp:featuredmedia":[{"embeddable":true,"href":"https:\/\/www.judokwailausanne.ch\/index.php?rest_route=\/wp\/v2\/media\/4974"}],"wp:attachment":[{"href":"https:\/\/www.judokwailausanne.ch\/index.php?rest_route=%2Fwp%2Fv2%2Fmedia&parent=9930"}],"wp:term":[{"taxonomy":"category","embeddable":true,"href":"https:\/\/www.judokwailausanne.ch\/index.php?rest_route=%2Fwp%2Fv2%2Fcategories&post=9930"},{"taxonomy":"post_tag","embeddable":true,"href":"https:\/\/www.judokwailausanne.ch\/index.php?rest_route=%2Fwp%2Fv2%2Ftags&post=9930"}],"curies":[{"name":"wp","href":"https:\/\/api.w.org\/{rel}","templated":true}]}}