{"id":9943,"date":"2018-12-10T21:59:21","date_gmt":"2018-12-10T20:59:21","guid":{"rendered":"https:\/\/www.judokwailausanne.ch\/?p=9943"},"modified":"2019-07-11T10:46:26","modified_gmt":"2019-07-11T08:46:26","slug":"rejoingnez-le-club-des-100-2","status":"publish","type":"post","link":"https:\/\/www.judokwailausanne.ch\/?p=9943","title":{"rendered":"Le Club des 100 soutient Tania et Tha\u00efs"},"content":{"rendered":"<p><a href=\"https:\/\/www.judokwailausanne.ch\/cmsv3\/wp-content\/uploads\/2018\/12\/IMG_E7473-1.jpg\" target=\"_blank\" rel=\"noopener noreferrer\"><img fetchpriority=\"high\" fetchpriority=\"high\" decoding=\"async\" class=\"alignnone wp-image-9944 size-medium\" src=\"https:\/\/www.judokwailausanne.ch\/cmsv3\/wp-content\/uploads\/2018\/12\/IMG_E7473-1-300x225.jpg\" alt=\"\" width=\"300\" height=\"225\" srcset=\"https:\/\/www.judokwailausanne.ch\/cmsv3\/wp-content\/uploads\/2018\/12\/IMG_E7473-1-300x225.jpg 300w, https:\/\/www.judokwailausanne.ch\/cmsv3\/wp-content\/uploads\/2018\/12\/IMG_E7473-1-768x576.jpg 768w, https:\/\/www.judokwailausanne.ch\/cmsv3\/wp-content\/uploads\/2018\/12\/IMG_E7473-1-1024x768.jpg 1024w, https:\/\/www.judokwailausanne.ch\/cmsv3\/wp-content\/uploads\/2018\/12\/IMG_E7473-1-1320x990.jpg 1320w, https:\/\/www.judokwailausanne.ch\/cmsv3\/wp-content\/uploads\/2018\/12\/IMG_E7473-1.jpg 1613w\" sizes=\"(max-width: 300px) 100vw, 300px\" \/><\/a><a href=\"http:\/\/club100.judokwailausanne.ch\/\"><img decoding=\"async\" class=\"alignright size-medium wp-image-2828\" src=\"http:\/\/www.judokwailausanne.ch\/cmsv3\/wp-content\/uploads\/2016\/06\/C100-logo1-300x148.jpg\" alt=\"C100-logo1\" width=\"300\" height=\"148\" \/><br \/>\n<\/a>Le Club des 100 a retenu les dossiers de Tania Joye et Tha\u00efs Jaquet pour les soutenir en 2018-2019.<\/p>\n<p><!--more--><\/p>\n<p>A l&rsquo;occasion du Tournoi de No\u00ebl JKL, le Club des 100 a remis un soutien de CHF 300.- \u00e0 Tania et Tha\u00efs\u00a0en les encourageant \u00e0 continuer dans leur performance sportive.<\/p>\n<p>Pour le Club des 100.<br \/>\nPhilippe Schneiter &#8211; Pr\u00e9sident &amp; Bruno Herbin &#8211; Caissier.<\/p>\n<p>Plus d&rsquo;information du Club des 100 sous : <a href=\"http:\/\/club100.judokwailausanne.ch\/\">http:\/\/club100.judokwailausanne.ch\/<\/a><\/p>\n","protected":false},"excerpt":{"rendered":"<p>Le Club des 100 a retenu les dossiers de Tania Joye et Tha\u00efs Jaquet pour les soutenir en 2018-2019.<\/p>\n","protected":false},"author":5,"featured_media":9944,"comment_status":"open","ping_status":"open","sticky":false,"template":"","format":"standard","meta":{"_et_pb_use_builder":"","_et_pb_old_content":"","_et_gb_content_width":"","footnotes":""},"categories":[69,49,67],"tags":[],"class_list":["post-9943","post","type-post","status-publish","format-standard","has-post-thumbnail","hentry","category-actions","category-club100","category-walldisplay"],"_links":{"self":[{"href":"https:\/\/www.judokwailausanne.ch\/index.php?rest_route=\/wp\/v2\/posts\/9943","targetHints":{"allow":["GET"]}}],"collection":[{"href":"https:\/\/www.judokwailausanne.ch\/index.php?rest_route=\/wp\/v2\/posts"}],"about":[{"href":"https:\/\/www.judokwailausanne.ch\/index.php?rest_route=\/wp\/v2\/types\/post"}],"author":[{"embeddable":true,"href":"https:\/\/www.judokwailausanne.ch\/index.php?rest_route=\/wp\/v2\/users\/5"}],"replies":[{"embeddable":true,"href":"https:\/\/www.judokwailausanne.ch\/index.php?rest_route=%2Fwp%2Fv2%2Fcomments&post=9943"}],"version-history":[{"count":4,"href":"https:\/\/www.judokwailausanne.ch\/index.php?rest_route=\/wp\/v2\/posts\/9943\/revisions"}],"predecessor-version":[{"id":11172,"href":"https:\/\/www.judokwailausanne.ch\/index.php?rest_route=\/wp\/v2\/posts\/9943\/revisions\/11172"}],"wp:featuredmedia":[{"embeddable":true,"href":"https:\/\/www.judokwailausanne.ch\/index.php?rest_route=\/wp\/v2\/media\/9944"}],"wp:attachment":[{"href":"https:\/\/www.judokwailausanne.ch\/index.php?rest_route=%2Fwp%2Fv2%2Fmedia&parent=9943"}],"wp:term":[{"taxonomy":"category","embeddable":true,"href":"https:\/\/www.judokwailausanne.ch\/index.php?rest_route=%2Fwp%2Fv2%2Fcategories&post=9943"},{"taxonomy":"post_tag","embeddable":true,"href":"https:\/\/www.judokwailausanne.ch\/index.php?rest_route=%2Fwp%2Fv2%2Ftags&post=9943"}],"curies":[{"name":"wp","href":"https:\/\/api.w.org\/{rel}","templated":true}]}}